{"id":30604,"date":"2024-03-06T15:13:07","date_gmt":"2024-03-06T14:13:07","guid":{"rendered":"https:\/\/slovakaid.sk\/zameranie-dvojstrannej-oda-sr-na-rok-2024-je-schvalene\/"},"modified":"2024-03-06T19:13:15","modified_gmt":"2024-03-06T18:13:15","slug":"zameranie-dvojstrannej-oda-sr-na-rok-2024-je-schvalene","status":"publish","type":"post","link":"https:\/\/slovakaid.sk\/en\/zameranie-dvojstrannej-oda-sr-na-rok-2024-je-schvalene\/","title":{"rendered":"Zameranie dvojstrannej ODA SR na rok 2024 je schv\u00e1len\u00e9"},"content":{"rendered":"\t\t<div data-elementor-type=\"wp-post\" data-elementor-id=\"30604\" class=\"elementor elementor-30604 elementor-30590\">\n\t\t\t\t\t\t<section class=\"elementor-section elementor-top-section elementor-element elementor-element-fda6136 elementor-section-boxed elementor-section-height-default elementor-section-height-default\" data-id=\"fda6136\" data-element_type=\"section\">\n\t\t\t\t\t\t<div class=\"elementor-container elementor-column-gap-default\">\n\t\t\t\t\t<div class=\"elementor-column elementor-col-100 elementor-top-column elementor-element elementor-element-0cc8373\" data-id=\"0cc8373\" data-element_type=\"column\">\n\t\t\t<div class=\"elementor-widget-wrap elementor-element-populated\">\n\t\t\t\t\t\t<div class=\"elementor-element elementor-element-e53197e elementor-widget elementor-widget-image\" data-id=\"e53197e\" data-element_type=\"widget\" data-widget_type=\"image.default\">\n\t\t\t\t<div class=\"elementor-widget-container\">\n\t\t\t\t\t\t\t\t\t\t\t\t\t<img fetchpriority=\"high\" decoding=\"async\" width=\"1024\" height=\"577\" src=\"https:\/\/slovakaid.sk\/wp-content\/uploads\/2024\/03\/Zameranie-2024-1024x577.png\" class=\"attachment-large size-large wp-image-30591\" alt=\"\" srcset=\"https:\/\/slovakaid.sk\/wp-content\/uploads\/2024\/03\/Zameranie-2024-1024x577.png 1024w, https:\/\/slovakaid.sk\/wp-content\/uploads\/2024\/03\/Zameranie-2024-300x169.png 300w, https:\/\/slovakaid.sk\/wp-content\/uploads\/2024\/03\/Zameranie-2024-768x433.png 768w, https:\/\/slovakaid.sk\/wp-content\/uploads\/2024\/03\/Zameranie-2024-1536x865.png 1536w, https:\/\/slovakaid.sk\/wp-content\/uploads\/2024\/03\/Zameranie-2024-385x217.png 385w, https:\/\/slovakaid.sk\/wp-content\/uploads\/2024\/03\/Zameranie-2024.png 1640w\" sizes=\"(max-width: 1024px) 100vw, 1024px\" \/>\t\t\t\t\t\t\t\t\t\t\t\t\t<\/div>\n\t\t\t\t<\/div>\n\t\t\t\t\t<\/div>\n\t\t<\/div>\n\t\t\t\t\t<\/div>\n\t\t<\/section>\n\t\t\t\t<section class=\"elementor-section elementor-top-section elementor-element elementor-element-03077d9 elementor-section-boxed elementor-section-height-default elementor-section-height-default\" data-id=\"03077d9\" data-element_type=\"section\">\n\t\t\t\t\t\t<div class=\"elementor-container elementor-column-gap-default\">\n\t\t\t\t\t<div class=\"elementor-column elementor-col-100 elementor-top-column elementor-element elementor-element-3e3829c\" data-id=\"3e3829c\" data-element_type=\"column\">\n\t\t\t<div class=\"elementor-widget-wrap elementor-element-populated\">\n\t\t\t\t\t\t<div class=\"elementor-element elementor-element-cbc8e57 elementor-widget elementor-widget-text\" data-id=\"cbc8e57\" data-element_type=\"widget\" data-widget_type=\"text.default\">\n\t\t\t\t<div class=\"elementor-widget-container\">\n\t\t\t\n    <div class=\"custom-elementor-widget widget-text\">\n      <p><p>Ofici\u00e1lna rozvojov\u00e1 pomoc Slovenskej republiky (Official Development Assistance - ODA SR) v roku 2024 vych\u00e1dza zo Strednodobej strat\u00e9gie rozvojovej spolupr\u00e1ce SR na roky 2019 - 2023 (\u010falej aj \u201eStrednodob\u00e1 strat\u00e9gia\u201c) a riadi sa jej cie\u013emi, princ\u00edpmi, teritori\u00e1lnymi a sektorov\u00fdmi prioritami. Na z\u00e1klade rozhodnutia vl\u00e1dy SR z novembra 2023 bola platnos\u0165 spom\u00ednan\u00e9ho strategick\u00e9ho dokumentu pred\u013a\u017een\u00e1 e\u0161te o jeden rok, z d\u00f4vodu identifikovan\u00fdch riz\u00edk ktor\u00e9 s\u00faviseli so zmenou vl\u00e1dy Slovenskej republiky a s \u0148ou spojenou potrebou politick\u00e9ho vlastn\u00edctva novej strednodobej strat\u00e9gie, vr\u00e1tane jej finan\u010dn\u00e9ho zabezpe\u010denia.<\/p><p>Na poskytovan\u00ed dvojstrannej ODA SR sa v roku 2024 bud\u00fa podie\u013ea\u0165 prim\u00e1rne MZVEZ SR najm\u00e4 prostredn\u00edctvom Slovesnkej agent\u00fary pre medzin\u00e1rodn\u00fa rozvojov\u00fa spolupr\u00e1cu (SAMRS), \u010falej MF SR, MV SR, M\u0160VVaM SR, MO SR, M\u017dP SR, MPRV SR a MZ SR. Popri uveden\u00fdch rezortoch sa na dvojstrannej ODA SR bud\u00fa podie\u013ea\u0165 aj niektor\u00e9 \u010fal\u0161ie ministerstv\u00e1 a ostatn\u00e9 \u00fastredn\u00e9 org\u00e1ny \u0161t\u00e1tnej spr\u00e1vy ad hoc aktivitami, napr\u00edklad odovzd\u00e1van\u00edm vedomost\u00ed a sk\u00fasenost\u00ed subjektom z partnersk\u00fdch kraj\u00edn, \u010di zapojen\u00edm sa do poskytovania materi\u00e1lnej humanit\u00e1rnej pomoci.<\/p><p><strong><a href=\"https:\/\/slovakaid.sk\/wp-content\/uploads\/2024\/03\/Zameranie-dvojstrannej-ODA-SR-2024.pdf\">Zameranie dvojstrannej rozvojovej spolupr\u00e1ce Slovenskej republiky na rok 2024<\/a><\/strong> (\u010falej len \u201eZameranie\u201c) poskytuje komplexn\u00fd preh\u013ead o pl\u00e1novan\u00fdch aktivit\u00e1ch z \u010do naj\u0161ir\u0161ieho h\u013eadiska, vr\u00e1tane t\u00fdch n\u00e1strojov, ktor\u00e9 nie s\u00fa upraven\u00e9 z\u00e1konom \u010d. 392\/2015 Z. z. o rozvojovej spolupr\u00e1ci a o zmene a doplnen\u00ed niektor\u00fdch z\u00e1konov v znen\u00ed z\u00e1kona \u010d. 281\/2019 Z. z. a z\u00e1rove\u0148 nie s\u00fa financovan\u00e9 z rozpo\u010dtov\u00e9ho programu ofici\u00e1lnej rozvojovej pomoci. Ide najm\u00e4 o aktivity v gescii MV SR, ako materi\u00e1lna humanit\u00e1rna pomoc poskytovan\u00e1 do zahrani\u010dia, \u00fa\u010das\u0165 na\u00a0 medzin\u00e1rodn\u00fdch misi\u00e1ch a oper\u00e1ci\u00e1ch civiln\u00e9ho kr\u00edzov\u00e9ho mana\u017ementu a poskytovanie pomoci \u017eiadate\u013eom o azyl a azylantom. N\u00e1klady na realiz\u00e1ciu uveden\u00fdch aktiv\u00edt s\u00fa v zmysle pravidiel vykazovania ofici\u00e1lnej rozvojovej pomoci V\u00fdboru pre rozvojov\u00fa pomoc OECD\/DAC s\u00fa\u010das\u0165ou n\u00e1rodn\u00fdch \u0161tatist\u00edk poskytnutej<br \/>ofici\u00e1lnej rozvojovej pomoci.\u00a0<\/p><\/p>\n    <\/div>\n\n    \t\t<\/div>\n\t\t\t\t<\/div>\n\t\t\t\t\t<\/div>\n\t\t<\/div>\n\t\t\t\t\t<\/div>\n\t\t<\/section>\n\t\t\t\t<section class=\"elementor-section elementor-top-section elementor-element elementor-element-ad4384e elementor-section-boxed elementor-section-height-default elementor-section-height-default\" data-id=\"ad4384e\" data-element_type=\"section\">\n\t\t\t\t\t\t<div class=\"elementor-container elementor-column-gap-default\">\n\t\t\t\t\t<div class=\"elementor-column elementor-col-100 elementor-top-column elementor-element elementor-element-f20edcb\" data-id=\"f20edcb\" data-element_type=\"column\">\n\t\t\t<div class=\"elementor-widget-wrap elementor-element-populated\">\n\t\t\t\t\t\t<div class=\"elementor-element elementor-element-ec000af elementor-widget elementor-widget-heading_and_text\" data-id=\"ec000af\" data-element_type=\"widget\" data-widget_type=\"heading_and_text.default\">\n\t\t\t\t<div class=\"elementor-widget-container\">\n\t\t\t\n    <div class=\"custom-elementor-widget widget-heading-and-text\">\n      <h3>Hlavn\u00e9 v\u00fdzvy v roku 2024<\/h3>\n      <p><p>U\u017e takmer dva roky ovplyv\u0148uje dianie vo svete a najm\u00e4 v najbli\u017e\u0161om susedstve Slovenska <strong>vojnov\u00fd konflikt v Ukrajine<\/strong>, iniciovan\u00fd vojensk\u00fdm vp\u00e1dom Ruskej feder\u00e1cie, ktor\u00fd sa od febru\u00e1ra 2022 stal najv\u00e4\u010d\u0161\u00edm zdrojom humanit\u00e1rnych potrieb Ukrajiny a \u010fal\u0161\u00edch zasiahnut\u00fdch \u0161t\u00e1tov a ich ob\u010danov. Na materi\u00e1lnej i finan\u010dnej humanit\u00e1rnej pomoci SR do t\u00fdchto kraj\u00edn spolupracuj\u00fa viacer\u00e9 relevantn\u00e9 rezorty. SR prostredn\u00edctvom n\u00e1strojov ODA anga\u017euje mimovl\u00e1dne rozvojov\u00e9 organiz\u00e1cie, ako aj slovensk\u00e9 podnikate\u013esk\u00e9 subjekty, ktor\u00e9 na Ukrajine realizuj\u00fa humanit\u00e1rne a rozvojov\u00e9 aktivity.\u00a0<strong>Cie\u013eom v roku 2024 je uk\u00e1za\u0165 Slovensk\u00fa republiku ako siln\u00e9ho a inovat\u00edvneho partnera, ktor\u00fd <\/strong><strong>sa akt\u00edvne zap\u00e1ja do zlep\u0161ovania humanit\u00e1rnej situ\u00e1cie a zmier\u0148ovania dopadov vojnov\u00e9ho <\/strong><strong>konfliktu na ob\u010danov Ukrajiny, ako aj in\u00fdch kraj\u00edn zasiahnut\u00fdch n\u00e1sledkami konfliktu a citlivo <\/strong><strong>reaguje na ich potreby.<\/strong> Ukrajina je v s\u00fa\u010dasnosti najzam\u00ednovanej\u0161iu krajinou na svete, \u010do predstavuje enormn\u00e9 riziko pre bezpe\u010dnos\u0165 a zdravie civiln\u00e9ho obyvate\u013estva. Miera zam\u00ednovania krajiny m\u00e1 taktie\u017e kritick\u00fd dopad na ekonomiku krajiny a zabra\u0148uje vys\u00eddlen\u00e9mu obyvate\u013estvu vr\u00e1ti\u0165 sa na osloboden\u00e9 \u00fazemia. V s\u00falade s programov\u00fdm vyhl\u00e1sen\u00edm vl\u00e1dy bude jednou z hlavn\u00fdch amb\u00edci\u00ed pomoci\u00a0 poskytovanej Ukrajine pr\u00e1ve humanit\u00e1rne odm\u00ednovanie. Proces odm\u00ednovania by mal by\u0165 zabezpe\u010dovan\u00fd nielen s vyu\u017eit\u00edm slovensk\u00fdch \u0161pecializovan\u00fdch odm\u00ednovac\u00edch syst\u00e9mov (BO\u017dENA 4+), ale taktie\u017e poskytnut\u00edm praktick\u00fdch tr\u00e9ningov a \u0161kolen\u00ed pre ukrajinsk\u00fdch \u0161pecialistov. Pri nastavovan\u00ed n\u00e1strojov bude ministerstvo vych\u00e1dza\u0165 aj z potrieb identifikovan\u00fdch v Pl\u00e1ne humanit\u00e1rnej reakcie UN OCHA.\u00a0<\/p><p><strong>Prostredn\u00edctvom rozvojovej spolupr\u00e1ce podporuje SR udr\u017eate\u013en\u00fd rozvoj partnersk\u00fdch kraj\u00edn a reaguje na glob\u00e1lne v\u00fdzvy, medzi ktor\u00e9 patr\u00ed n\u00e1rast nestability klimatick\u00e9ho, soci\u00e1lneho ekonomick\u00e9ho, humanit\u00e1rneho, zdravotn\u00e9ho a in\u00e9ho charakteru.<\/strong><\/p><p>Aj roku 2024 je o\u010dak\u00e1van\u00fd predpoklad zv\u00fd\u0161en\u00e9ho v\u00fdskytu, popr\u00edpade ich pokra\u010dovanie, \u010di kombinovan\u00e9 kr\u00edzy, ktor\u00e9 bud\u00fa ma\u0165 dosah v partnersk\u00fdch krajin\u00e1ch rozvojovej spolupr\u00e1ce SR. V nadv\u00e4znosti na t\u00fato skuto\u010dnos\u0165 je taktie\u017e potrebn\u00e9 zobra\u0165 do \u00favahy z\u00e1very ned\u00e1vneho <strong>SDG Summitu 2023<\/strong>, ktor\u00e9ho v\u00fdsledky kon\u0161tatovali v\u00fdrazn\u00e9 glob\u00e1lne zaost\u00e1vanie za stanoven\u00fdmi cie\u013emi udr\u017eate\u013en\u00e9ho rozvoja Agendy 2030 v pol\u010dase ich implement\u00e1cie. Vzh\u013eadom na to je potrebn\u00e9 reflektova\u0165 na tieto d\u00e1ta, s amb\u00edciou dosiahnutia cie\u013eov, ktor\u00e9 si Slovensko v tomto smere stanovilo.<\/p><p>V z\u00e1ujme SR je taktie\u017e pokra\u010dova\u0165 v rozvojov\u00fdch aktivit\u00e1ch cielen\u00fdch na udr\u017eate\u013en\u00fd rozvoj v partnersk\u00fdch krajin\u00e1ch a vytv\u00e1ra\u0165 predpoklady na predch\u00e1dzanie, \u010di prekon\u00e1vanie glob\u00e1lnych kr\u00edz, ak\u00fdmi s\u00fa zmena kl\u00edmy alebo hromadn\u00e1 n\u00faten\u00e1 a\/alebo neregulovan\u00e1 migr\u00e1cia za lep\u0161\u00edmi \u017eivotn\u00fdmi podmienkami\u00a0 prostredn\u00edctvom odstra\u0148ovania ich pr\u00ed\u010din. V oblasti humanit\u00e1rnej pomoci bude amb\u00edciou zefekt\u00edv\u0148ova\u0165 reakcie na kr\u00edzov\u00e9 situ\u00e1cie v zasiahnut\u00fdch krajin\u00e1ch a regi\u00f3noch sveta poskytovan\u00edm z\u00e1kladn\u00fdch humanit\u00e1rnych potrieb pre najzranite\u013enej\u0161ie skupiny obyvate\u013estva, ktor\u00e9 b\u00fdvaj\u00fa najviac zasiahnut\u00e9 d\u00f4sledkami. Pr\u00e1ve v t\u00fdchto oblastiach s\u00fa d\u00f4le\u017eit\u00fdmi partnermi mimovl\u00e1dne organiz\u00e1cie, miestne samospr\u00e1vy, \u010di medzin\u00e1rodn\u00e9 organiz\u00e1cie, ktor\u00e9 pon\u00fakaj\u00fa dlhoro\u010dn\u00e9 sk\u00fasenosti z ter\u00e9nu, rozsiahlu expert\u00edzu a priame prepojenie na lok\u00e1lnych akt\u00e9rov.<\/p><p>Dlhodob\u00e9 trendy rozvojovej spolupr\u00e1ce ukazuj\u00fa potrebu e\u0161te v\u00fdraznej\u0161ieho\u00a0 zap\u00e1jania podnikate\u013eskej sf\u00e9ry do projektov rozvojovej a humanit\u00e1rnej spolupr\u00e1ce, aj v r\u00e1mci syst\u00e9mu OSN. Z poh\u013eadu ODA SR bude t\u00e1to \u010das\u0165 podporovan\u00e1 najm\u00e4 sch\u00e9mou pre <strong>projekty na podporu podnikate\u013esk\u00fdch partnerstiev<\/strong> (PPP). Taktie\u017e to bude aj sch\u00e9ma <strong>Slovak Challenge Fund<\/strong>, ktorej projekty pre inovat\u00edvne podnikate\u013esk\u00e9 subjekty s\u00fa realizovan\u00e9 na z\u00e1klade medzin\u00e1rodnej spolupr\u00e1ce s <strong>UNDP<\/strong> a je relevantn\u00e1 v troch krajin\u00e1ch Z\u00e1padn\u00e9ho Balk\u00e1nu (Bosna a Hercegovina, Severn\u00e9 Maced\u00f3nsko, Srbsko) a Moldavskej republike. V tomto smere bude pokra\u010dova\u0165 aj snaha o zavedenie do praxe jedn\u00e9ho z doposia\u013e nevyu\u017eit\u00fdch n\u00e1strojov rozvojovej spolupr\u00e1ce v portf\u00f3liu EXIMBANKY SR, ktor\u00fdm je <strong>poskytnutie zv\u00fdhodnen\u00e9ho v\u00fdvozn\u00e9ho \u00faveru<\/strong>. Tento n\u00e1stroj by sa mal sta\u0165 st\u00e1lou s\u00fa\u010das\u0165ou ODA SR a v\u00fdraznou mierou prispieva\u0165 k zap\u00e1janiu\u00a0 podnikate\u013esk\u00e9ho sektora do rozvojovej spolupr\u00e1ce a k mobiliz\u00e1cii s\u00fakromn\u00fdch zdrojov. Do bud\u00facnosti je pl\u00e1n vyu\u017e\u00edvania tohto n\u00e1stroja ako nadstavby spolupr\u00e1ce so subjektami, ktor\u00e9 bud\u00fa \u00faspe\u0161n\u00e9 v r\u00e1mci PPP v\u00fdziev.<\/p><p>Vl\u00e1da Slovenskej republiky v novembri 2023 rozhodla o pred\u013a\u017een\u00ed Strednodobej strat\u00e9gie rozvojovej spolupr\u00e1ce SR na roky 2019 \u2013 2023 o jeden rok, teda do 31.12.2024. Preto bude jednou z v\u00fdziev vypracova\u0165 nov\u00fa strednodob\u00fa strat\u00e9giu, ktor\u00e1 by mala nadv\u00e4zova\u0165 na doteraj\u0161ie aktivity slovenskej rozvojovej spolupr\u00e1ce a z\u00e1rove\u0148 by mala reflektova\u0165 nov\u00e9 glob\u00e1lne v\u00fdzvy a trendy. <strong>Na\u010falej ost\u00e1va amb\u00edciou nav\u00fd\u0161i\u0165 prostriedky, ktor\u00e9 Slovensko vynaklad\u00e1 na rozvojov\u00fa spolupr\u00e1cu<\/strong>. Toto nav\u00fd\u0161enie je vysoko aktu\u00e1lne, vzh\u013eadom na zachovanie poz\u00edcie Slovenska ako relevantn\u00e9ho donora a z\u00e1rove\u0148 aj vzh\u013eadom na dlhodob\u00e9 zaost\u00e1vanie Slovenska pri plnen\u00ed medzin\u00e1rodn\u00fdch z\u00e1v\u00e4zkov v tejto oblasti. Pod\u013ea t\u00fdchto z\u00e1v\u00e4zkov by Slovensko malo na rozvojov\u00fa spolupr\u00e1cu do roku 2030 vynaklada\u0165 0,33 % hrub\u00e9ho n\u00e1rodn\u00e9ho d\u00f4chodku (HND).<\/p><p>V s\u00favislosti s kon\u010diacou dobou platnosti Strednodobej strat\u00e9gie rozvojovej\u00a0 spolupr\u00e1ce SR na roky 2019 \u2013 2023, resp. jej pred\u013a\u017een\u00edm platnosti do konca roku 2024, bude pripraven\u00e9 jej vyhodnotenie, ktor\u00e9 bude vych\u00e1dza\u0165 aj zo zisten\u00ed a odpor\u00fa\u010dan\u00ed externej evalu\u00e1cie, ktor\u00e1 prebehne v priebehu roku 2024. <strong>Z\u00e1vere\u010dn\u00e9 hodnotenie strednodobej strat\u00e9gie bude predlo\u017een\u00e9 vl\u00e1de Slovenskej republiky do konca roku 2024<\/strong>.<\/p><p>St\u00e1le aktu\u00e1lnou v\u00fdzvou v dom\u00e1cich podmienkach je neust\u00e1le <strong>zvy\u0161ovanie verejn\u00e9ho povedomia o v\u00fdzname rozvojovej spolupr\u00e1ce pod zna\u010dkou SlovakAid, ako aj celkovo o t\u00e9mach rozvoja a humanit\u00e1rnych potreb\u00e1ch kraj\u00edn na r\u00f4znej socioekonomickej \u00farovni<\/strong>. V tomto kontexte by pr\u00ednosom bolo schv\u00e1lenie pripravovanej <strong>Strat\u00e9gie glob\u00e1lneho vzdel\u00e1vania do roku 2030<\/strong> vl\u00e1dou Slovenskej republiky a jej n\u00e1sledn\u00e1 implement\u00e1cia.<\/p><\/p>\n    <\/div>\n\n    \t\t<\/div>\n\t\t\t\t<\/div>\n\t\t\t\t\t<\/div>\n\t\t<\/div>\n\t\t\t\t\t<\/div>\n\t\t<\/section>\n\t\t\t\t<\/div>\n\t\t","protected":false},"excerpt":{"rendered":"<p>Vl\u00e1da SR dnes schv\u00e1lila Zameranie dvojstrannej rozvojovej spolupr\u00e1ce Slovenskej republiky na rok 2024<\/p>\n","protected":false},"author":4,"featured_media":30592,"comment_status":"closed","ping_status":"closed","sticky":false,"template":"","format":"standard","meta":{"footnotes":""},"categories":[79],"tags":[],"class_list":["post-30604","post","type-post","status-publish","format-standard","has-post-thumbnail","hentry","category-samrs-agency"],"yoast_head":"<!-- This site is optimized with the Yoast SEO plugin v27.1.1 - https:\/\/yoast.com\/product\/yoast-seo-wordpress\/ -->\n<title>Zameranie dvojstrannej ODA SR na rok 2024 je schv\u00e1len\u00e9 - SlovakAid<\/title>\n<meta name=\"robots\" content=\"index, follow, max-snippet:-1, max-image-preview:large, max-video-preview:-1\" \/>\n<link rel=\"canonical\" href=\"https:\/\/slovakaid.sk\/en\/zameranie-dvojstrannej-oda-sr-na-rok-2024-je-schvalene\/\" \/>\n<meta property=\"og:locale\" content=\"en_US\" \/>\n<meta property=\"og:type\" content=\"article\" \/>\n<meta property=\"og:title\" content=\"Zameranie dvojstrannej ODA SR na rok 2024 je schv\u00e1len\u00e9 - SlovakAid\" \/>\n<meta property=\"og:description\" content=\"Vl\u00e1da SR dnes schv\u00e1lila Zameranie dvojstrannej rozvojovej spolupr\u00e1ce Slovenskej republiky na rok 2024\" \/>\n<meta property=\"og:url\" content=\"https:\/\/slovakaid.sk\/en\/zameranie-dvojstrannej-oda-sr-na-rok-2024-je-schvalene\/\" \/>\n<meta property=\"og:site_name\" content=\"SlovakAid\" \/>\n<meta property=\"article:published_time\" content=\"2024-03-06T14:13:07+00:00\" \/>\n<meta property=\"article:modified_time\" content=\"2024-03-06T18:13:15+00:00\" \/>\n<meta property=\"og:image\" content=\"https:\/\/slovakaid.sk\/wp-content\/uploads\/2024\/03\/Zameranie-2024.png\" \/>\n\t<meta property=\"og:image:width\" content=\"1640\" \/>\n\t<meta property=\"og:image:height\" content=\"924\" \/>\n\t<meta property=\"og:image:type\" content=\"image\/png\" \/>\n<meta name=\"author\" content=\"marta.jasurekova@slovakaid.sk\" \/>\n<meta name=\"twitter:card\" content=\"summary_large_image\" \/>\n<meta name=\"twitter:label1\" content=\"Written by\" \/>\n\t<meta name=\"twitter:data1\" content=\"marta.jasurekova@slovakaid.sk\" \/>\n\t<meta name=\"twitter:label2\" content=\"Est. reading time\" \/>\n\t<meta name=\"twitter:data2\" content=\"7 minutes\" \/>\n<script type=\"application\/ld+json\" class=\"yoast-schema-graph\">{\"@context\":\"https:\/\/schema.org\",\"@graph\":[{\"@type\":\"Article\",\"@id\":\"https:\/\/slovakaid.sk\/en\/zameranie-dvojstrannej-oda-sr-na-rok-2024-je-schvalene\/#article\",\"isPartOf\":{\"@id\":\"https:\/\/slovakaid.sk\/en\/zameranie-dvojstrannej-oda-sr-na-rok-2024-je-schvalene\/\"},\"author\":{\"name\":\"marta.jasurekova@slovakaid.sk\",\"@id\":\"https:\/\/slovakaid.sk\/en\/#\/schema\/person\/74a14fd64fb3ec0b70c0d6108ab97e34\"},\"headline\":\"Zameranie dvojstrannej ODA SR na rok 2024 je schv\u00e1len\u00e9\",\"datePublished\":\"2024-03-06T14:13:07+00:00\",\"dateModified\":\"2024-03-06T18:13:15+00:00\",\"mainEntityOfPage\":{\"@id\":\"https:\/\/slovakaid.sk\/en\/zameranie-dvojstrannej-oda-sr-na-rok-2024-je-schvalene\/\"},\"wordCount\":1474,\"image\":{\"@id\":\"https:\/\/slovakaid.sk\/en\/zameranie-dvojstrannej-oda-sr-na-rok-2024-je-schvalene\/#primaryimage\"},\"thumbnailUrl\":\"https:\/\/slovakaid.sk\/wp-content\/uploads\/2024\/03\/Zameranie-2024.png\",\"articleSection\":[\"SAMRS Agency\"],\"inLanguage\":\"en-US\"},{\"@type\":\"WebPage\",\"@id\":\"https:\/\/slovakaid.sk\/en\/zameranie-dvojstrannej-oda-sr-na-rok-2024-je-schvalene\/\",\"url\":\"https:\/\/slovakaid.sk\/en\/zameranie-dvojstrannej-oda-sr-na-rok-2024-je-schvalene\/\",\"name\":\"Zameranie dvojstrannej ODA SR na rok 2024 je schv\u00e1len\u00e9 - SlovakAid\",\"isPartOf\":{\"@id\":\"https:\/\/slovakaid.sk\/en\/#website\"},\"primaryImageOfPage\":{\"@id\":\"https:\/\/slovakaid.sk\/en\/zameranie-dvojstrannej-oda-sr-na-rok-2024-je-schvalene\/#primaryimage\"},\"image\":{\"@id\":\"https:\/\/slovakaid.sk\/en\/zameranie-dvojstrannej-oda-sr-na-rok-2024-je-schvalene\/#primaryimage\"},\"thumbnailUrl\":\"https:\/\/slovakaid.sk\/wp-content\/uploads\/2024\/03\/Zameranie-2024.png\",\"datePublished\":\"2024-03-06T14:13:07+00:00\",\"dateModified\":\"2024-03-06T18:13:15+00:00\",\"author\":{\"@id\":\"https:\/\/slovakaid.sk\/en\/#\/schema\/person\/74a14fd64fb3ec0b70c0d6108ab97e34\"},\"breadcrumb\":{\"@id\":\"https:\/\/slovakaid.sk\/en\/zameranie-dvojstrannej-oda-sr-na-rok-2024-je-schvalene\/#breadcrumb\"},\"inLanguage\":\"en-US\",\"potentialAction\":[{\"@type\":\"ReadAction\",\"target\":[\"https:\/\/slovakaid.sk\/en\/zameranie-dvojstrannej-oda-sr-na-rok-2024-je-schvalene\/\"]}]},{\"@type\":\"ImageObject\",\"inLanguage\":\"en-US\",\"@id\":\"https:\/\/slovakaid.sk\/en\/zameranie-dvojstrannej-oda-sr-na-rok-2024-je-schvalene\/#primaryimage\",\"url\":\"https:\/\/slovakaid.sk\/wp-content\/uploads\/2024\/03\/Zameranie-2024.png\",\"contentUrl\":\"https:\/\/slovakaid.sk\/wp-content\/uploads\/2024\/03\/Zameranie-2024.png\",\"width\":1640,\"height\":924},{\"@type\":\"BreadcrumbList\",\"@id\":\"https:\/\/slovakaid.sk\/en\/zameranie-dvojstrannej-oda-sr-na-rok-2024-je-schvalene\/#breadcrumb\",\"itemListElement\":[{\"@type\":\"ListItem\",\"position\":1,\"name\":\"Home\",\"item\":\"https:\/\/slovakaid.sk\/en\/\"},{\"@type\":\"ListItem\",\"position\":2,\"name\":\"Zameranie dvojstrannej ODA SR na rok 2024 je schv\u00e1len\u00e9\"}]},{\"@type\":\"WebSite\",\"@id\":\"https:\/\/slovakaid.sk\/en\/#website\",\"url\":\"https:\/\/slovakaid.sk\/en\/\",\"name\":\"SlovakAid\",\"description\":\"\",\"potentialAction\":[{\"@type\":\"SearchAction\",\"target\":{\"@type\":\"EntryPoint\",\"urlTemplate\":\"https:\/\/slovakaid.sk\/en\/?s={search_term_string}\"},\"query-input\":{\"@type\":\"PropertyValueSpecification\",\"valueRequired\":true,\"valueName\":\"search_term_string\"}}],\"inLanguage\":\"en-US\"},{\"@type\":\"Person\",\"@id\":\"https:\/\/slovakaid.sk\/en\/#\/schema\/person\/74a14fd64fb3ec0b70c0d6108ab97e34\",\"name\":\"marta.jasurekova@slovakaid.sk\",\"image\":{\"@type\":\"ImageObject\",\"inLanguage\":\"en-US\",\"@id\":\"https:\/\/slovakaid.sk\/en\/#\/schema\/person\/image\/\",\"url\":\"https:\/\/secure.gravatar.com\/avatar\/ad4af421505d83e9535e6047f413cca315b19663943bae5506fab8976fa524f8?s=96&d=mm&r=g\",\"contentUrl\":\"https:\/\/secure.gravatar.com\/avatar\/ad4af421505d83e9535e6047f413cca315b19663943bae5506fab8976fa524f8?s=96&d=mm&r=g\",\"caption\":\"marta.jasurekova@slovakaid.sk\"},\"sameAs\":[\"https:\/\/slovakaid.sk\/\"],\"url\":\"https:\/\/slovakaid.sk\/en\/author\/marta-jasurekovaslovakaid-sk\/\"}]}<\/script>\n<!-- \/ Yoast SEO plugin. -->","yoast_head_json":{"title":"Zameranie dvojstrannej ODA SR na rok 2024 je schv\u00e1len\u00e9 - SlovakAid","robots":{"index":"index","follow":"follow","max-snippet":"max-snippet:-1","max-image-preview":"max-image-preview:large","max-video-preview":"max-video-preview:-1"},"canonical":"https:\/\/slovakaid.sk\/en\/zameranie-dvojstrannej-oda-sr-na-rok-2024-je-schvalene\/","og_locale":"en_US","og_type":"article","og_title":"Zameranie dvojstrannej ODA SR na rok 2024 je schv\u00e1len\u00e9 - SlovakAid","og_description":"Vl\u00e1da SR dnes schv\u00e1lila Zameranie dvojstrannej rozvojovej spolupr\u00e1ce Slovenskej republiky na rok 2024","og_url":"https:\/\/slovakaid.sk\/en\/zameranie-dvojstrannej-oda-sr-na-rok-2024-je-schvalene\/","og_site_name":"SlovakAid","article_published_time":"2024-03-06T14:13:07+00:00","article_modified_time":"2024-03-06T18:13:15+00:00","og_image":[{"width":1640,"height":924,"url":"https:\/\/slovakaid.sk\/wp-content\/uploads\/2024\/03\/Zameranie-2024.png","type":"image\/png"}],"author":"marta.jasurekova@slovakaid.sk","twitter_card":"summary_large_image","twitter_misc":{"Written by":"marta.jasurekova@slovakaid.sk","Est. reading time":"7 minutes"},"schema":{"@context":"https:\/\/schema.org","@graph":[{"@type":"Article","@id":"https:\/\/slovakaid.sk\/en\/zameranie-dvojstrannej-oda-sr-na-rok-2024-je-schvalene\/#article","isPartOf":{"@id":"https:\/\/slovakaid.sk\/en\/zameranie-dvojstrannej-oda-sr-na-rok-2024-je-schvalene\/"},"author":{"name":"marta.jasurekova@slovakaid.sk","@id":"https:\/\/slovakaid.sk\/en\/#\/schema\/person\/74a14fd64fb3ec0b70c0d6108ab97e34"},"headline":"Zameranie dvojstrannej ODA SR na rok 2024 je schv\u00e1len\u00e9","datePublished":"2024-03-06T14:13:07+00:00","dateModified":"2024-03-06T18:13:15+00:00","mainEntityOfPage":{"@id":"https:\/\/slovakaid.sk\/en\/zameranie-dvojstrannej-oda-sr-na-rok-2024-je-schvalene\/"},"wordCount":1474,"image":{"@id":"https:\/\/slovakaid.sk\/en\/zameranie-dvojstrannej-oda-sr-na-rok-2024-je-schvalene\/#primaryimage"},"thumbnailUrl":"https:\/\/slovakaid.sk\/wp-content\/uploads\/2024\/03\/Zameranie-2024.png","articleSection":["SAMRS Agency"],"inLanguage":"en-US"},{"@type":"WebPage","@id":"https:\/\/slovakaid.sk\/en\/zameranie-dvojstrannej-oda-sr-na-rok-2024-je-schvalene\/","url":"https:\/\/slovakaid.sk\/en\/zameranie-dvojstrannej-oda-sr-na-rok-2024-je-schvalene\/","name":"Zameranie dvojstrannej ODA SR na rok 2024 je schv\u00e1len\u00e9 - SlovakAid","isPartOf":{"@id":"https:\/\/slovakaid.sk\/en\/#website"},"primaryImageOfPage":{"@id":"https:\/\/slovakaid.sk\/en\/zameranie-dvojstrannej-oda-sr-na-rok-2024-je-schvalene\/#primaryimage"},"image":{"@id":"https:\/\/slovakaid.sk\/en\/zameranie-dvojstrannej-oda-sr-na-rok-2024-je-schvalene\/#primaryimage"},"thumbnailUrl":"https:\/\/slovakaid.sk\/wp-content\/uploads\/2024\/03\/Zameranie-2024.png","datePublished":"2024-03-06T14:13:07+00:00","dateModified":"2024-03-06T18:13:15+00:00","author":{"@id":"https:\/\/slovakaid.sk\/en\/#\/schema\/person\/74a14fd64fb3ec0b70c0d6108ab97e34"},"breadcrumb":{"@id":"https:\/\/slovakaid.sk\/en\/zameranie-dvojstrannej-oda-sr-na-rok-2024-je-schvalene\/#breadcrumb"},"inLanguage":"en-US","potentialAction":[{"@type":"ReadAction","target":["https:\/\/slovakaid.sk\/en\/zameranie-dvojstrannej-oda-sr-na-rok-2024-je-schvalene\/"]}]},{"@type":"ImageObject","inLanguage":"en-US","@id":"https:\/\/slovakaid.sk\/en\/zameranie-dvojstrannej-oda-sr-na-rok-2024-je-schvalene\/#primaryimage","url":"https:\/\/slovakaid.sk\/wp-content\/uploads\/2024\/03\/Zameranie-2024.png","contentUrl":"https:\/\/slovakaid.sk\/wp-content\/uploads\/2024\/03\/Zameranie-2024.png","width":1640,"height":924},{"@type":"BreadcrumbList","@id":"https:\/\/slovakaid.sk\/en\/zameranie-dvojstrannej-oda-sr-na-rok-2024-je-schvalene\/#breadcrumb","itemListElement":[{"@type":"ListItem","position":1,"name":"Home","item":"https:\/\/slovakaid.sk\/en\/"},{"@type":"ListItem","position":2,"name":"Zameranie dvojstrannej ODA SR na rok 2024 je schv\u00e1len\u00e9"}]},{"@type":"WebSite","@id":"https:\/\/slovakaid.sk\/en\/#website","url":"https:\/\/slovakaid.sk\/en\/","name":"SlovakAid","description":"","potentialAction":[{"@type":"SearchAction","target":{"@type":"EntryPoint","urlTemplate":"https:\/\/slovakaid.sk\/en\/?s={search_term_string}"},"query-input":{"@type":"PropertyValueSpecification","valueRequired":true,"valueName":"search_term_string"}}],"inLanguage":"en-US"},{"@type":"Person","@id":"https:\/\/slovakaid.sk\/en\/#\/schema\/person\/74a14fd64fb3ec0b70c0d6108ab97e34","name":"marta.jasurekova@slovakaid.sk","image":{"@type":"ImageObject","inLanguage":"en-US","@id":"https:\/\/slovakaid.sk\/en\/#\/schema\/person\/image\/","url":"https:\/\/secure.gravatar.com\/avatar\/ad4af421505d83e9535e6047f413cca315b19663943bae5506fab8976fa524f8?s=96&d=mm&r=g","contentUrl":"https:\/\/secure.gravatar.com\/avatar\/ad4af421505d83e9535e6047f413cca315b19663943bae5506fab8976fa524f8?s=96&d=mm&r=g","caption":"marta.jasurekova@slovakaid.sk"},"sameAs":["https:\/\/slovakaid.sk\/"],"url":"https:\/\/slovakaid.sk\/en\/author\/marta-jasurekovaslovakaid-sk\/"}]}},"meta_box":{"attachments_group":[],"links_group":[],"actual_projects_map":"0","last_actual_projects":"0","last_actual_projects_headline":"","last_actual_projects_text":"","last_actual_projects_qantity":"3","last_actual_projects_sector_priority":[]},"_links":{"self":[{"href":"https:\/\/slovakaid.sk\/en\/wp-json\/wp\/v2\/posts\/30604","targetHints":{"allow":["GET"]}}],"collection":[{"href":"https:\/\/slovakaid.sk\/en\/wp-json\/wp\/v2\/posts"}],"about":[{"href":"https:\/\/slovakaid.sk\/en\/wp-json\/wp\/v2\/types\/post"}],"author":[{"embeddable":true,"href":"https:\/\/slovakaid.sk\/en\/wp-json\/wp\/v2\/users\/4"}],"replies":[{"embeddable":true,"href":"https:\/\/slovakaid.sk\/en\/wp-json\/wp\/v2\/comments?post=30604"}],"version-history":[{"count":2,"href":"https:\/\/slovakaid.sk\/en\/wp-json\/wp\/v2\/posts\/30604\/revisions"}],"predecessor-version":[{"id":30607,"href":"https:\/\/slovakaid.sk\/en\/wp-json\/wp\/v2\/posts\/30604\/revisions\/30607"}],"wp:featuredmedia":[{"embeddable":true,"href":"https:\/\/slovakaid.sk\/en\/wp-json\/wp\/v2\/media\/30592"}],"wp:attachment":[{"href":"https:\/\/slovakaid.sk\/en\/wp-json\/wp\/v2\/media?parent=30604"}],"wp:term":[{"taxonomy":"category","embeddable":true,"href":"https:\/\/slovakaid.sk\/en\/wp-json\/wp\/v2\/categories?post=30604"},{"taxonomy":"post_tag","embeddable":true,"href":"https:\/\/slovakaid.sk\/en\/wp-json\/wp\/v2\/tags?post=30604"}],"curies":[{"name":"wp","href":"https:\/\/api.w.org\/{rel}","templated":true}]}}