{"id":29973,"date":"2023-10-10T14:48:02","date_gmt":"2023-10-10T12:48:02","guid":{"rendered":"https:\/\/slovakaid.sk\/slovakaid-development-summit-2023\/"},"modified":"2023-10-13T20:21:23","modified_gmt":"2023-10-13T18:21:23","slug":"slovakaid-development-summit-2023","status":"publish","type":"post","link":"https:\/\/slovakaid.sk\/en\/slovakaid-development-summit-2023\/","title":{"rendered":"SlovakAid Development Summit 2023"},"content":{"rendered":"\t\t<div data-elementor-type=\"wp-post\" data-elementor-id=\"29973\" class=\"elementor elementor-29973 elementor-29936\">\n\t\t\t\t\t\t<section class=\"elementor-section elementor-top-section elementor-element elementor-element-afb4583 elementor-section-boxed elementor-section-height-default elementor-section-height-default\" data-id=\"afb4583\" data-element_type=\"section\">\n\t\t\t\t\t\t<div class=\"elementor-container elementor-column-gap-default\">\n\t\t\t\t\t<div class=\"elementor-column elementor-col-100 elementor-top-column elementor-element elementor-element-1169f63\" data-id=\"1169f63\" data-element_type=\"column\">\n\t\t\t<div class=\"elementor-widget-wrap elementor-element-populated\">\n\t\t\t\t\t\t<div class=\"elementor-element elementor-element-dd209d7 elementor-widget elementor-widget-image\" data-id=\"dd209d7\" data-element_type=\"widget\" data-widget_type=\"image.default\">\n\t\t\t\t<div class=\"elementor-widget-container\">\n\t\t\t\t\t\t\t\t\t\t\t\t\t<img fetchpriority=\"high\" decoding=\"async\" width=\"1024\" height=\"1024\" src=\"https:\/\/slovakaid.sk\/wp-content\/uploads\/2023\/10\/SlovakAid-DEVELOPMENT-SUMMIT-2023-SAVE-THE-DATE_8-10.11.2023-\u2013-kopia-2-1024x1024.png\" class=\"attachment-large size-large wp-image-29953\" alt=\"\" srcset=\"https:\/\/slovakaid.sk\/wp-content\/uploads\/2023\/10\/SlovakAid-DEVELOPMENT-SUMMIT-2023-SAVE-THE-DATE_8-10.11.2023-\u2013-kopia-2-1024x1024.png 1024w, https:\/\/slovakaid.sk\/wp-content\/uploads\/2023\/10\/SlovakAid-DEVELOPMENT-SUMMIT-2023-SAVE-THE-DATE_8-10.11.2023-\u2013-kopia-2-300x300.png 300w, https:\/\/slovakaid.sk\/wp-content\/uploads\/2023\/10\/SlovakAid-DEVELOPMENT-SUMMIT-2023-SAVE-THE-DATE_8-10.11.2023-\u2013-kopia-2-150x150.png 150w, https:\/\/slovakaid.sk\/wp-content\/uploads\/2023\/10\/SlovakAid-DEVELOPMENT-SUMMIT-2023-SAVE-THE-DATE_8-10.11.2023-\u2013-kopia-2-768x768.png 768w, https:\/\/slovakaid.sk\/wp-content\/uploads\/2023\/10\/SlovakAid-DEVELOPMENT-SUMMIT-2023-SAVE-THE-DATE_8-10.11.2023-\u2013-kopia-2-385x385.png 385w, https:\/\/slovakaid.sk\/wp-content\/uploads\/2023\/10\/SlovakAid-DEVELOPMENT-SUMMIT-2023-SAVE-THE-DATE_8-10.11.2023-\u2013-kopia-2.png 1080w\" sizes=\"(max-width: 1024px) 100vw, 1024px\" \/>\t\t\t\t\t\t\t\t\t\t\t\t\t<\/div>\n\t\t\t\t<\/div>\n\t\t\t\t\t<\/div>\n\t\t<\/div>\n\t\t\t\t\t<\/div>\n\t\t<\/section>\n\t\t\t\t<section class=\"elementor-section elementor-top-section elementor-element elementor-element-aeb14d5 elementor-section-boxed elementor-section-height-default elementor-section-height-default\" data-id=\"aeb14d5\" data-element_type=\"section\">\n\t\t\t\t\t\t<div class=\"elementor-container elementor-column-gap-default\">\n\t\t\t\t\t<div class=\"elementor-column elementor-col-50 elementor-top-column elementor-element elementor-element-1bb6da6\" data-id=\"1bb6da6\" data-element_type=\"column\">\n\t\t\t<div class=\"elementor-widget-wrap elementor-element-populated\">\n\t\t\t\t\t\t<div class=\"elementor-element elementor-element-b88823a elementor-widget elementor-widget-text\" data-id=\"b88823a\" data-element_type=\"widget\" data-widget_type=\"text.default\">\n\t\t\t\t<div class=\"elementor-widget-container\">\n\t\t\t\n    <div class=\"custom-elementor-widget widget-text\">\n      <p><p>V roku 2023 si na\u0161a krajina pripom\u00edna v\u00fdznamn\u00e9 v\u00fdro\u010die \u2013 <strong>20 rokov poskytovania ofici\u00e1lnej rozvojovej pomoci Slovenskou republikou<\/strong>.<\/p><p>Od z\u00edskania samostatnosti v roku 1993 pre\u0161lo Slovensko v\u00fdrazn\u00fdmi zmenami, vr\u00e1tane n\u00e1ro\u010dn\u00e9ho procesu ekonomickej aj spolo\u010denskej transform\u00e1cie a budovania demokratick\u00fdch \u0161t\u00e1tnych in\u0161tit\u00faci\u00ed. Slovensko sa transformovalo z prij\u00edmate\u013ea rozvojovej pomoci na jej poskytovate\u013ea a stalo sa pevnou s\u00fa\u010das\u0165ou svetovej donorskej komunity. Tento proces symbolicky zav\u0155\u0161il vstup do V\u00fdboru Organiz\u00e1cie pre hospod\u00e1rsku spolupr\u00e1cu a rozvoj OECD pre rozvojov\u00fa pomoc DAC v roku 2013. Z\u00e1rove\u0148 sme pevnou \u00fa\u010das\u0165ou donorskej pomoci Eur\u00f3pskej \u00fanie.<\/p><\/p>\n    <\/div>\n\n    \t\t<\/div>\n\t\t\t\t<\/div>\n\t\t\t\t\t<\/div>\n\t\t<\/div>\n\t\t\t\t<div class=\"elementor-column elementor-col-50 elementor-top-column elementor-element elementor-element-33519e9\" data-id=\"33519e9\" data-element_type=\"column\">\n\t\t\t<div class=\"elementor-widget-wrap elementor-element-populated\">\n\t\t\t\t\t\t<div class=\"elementor-element elementor-element-9e01d02 elementor-widget elementor-widget-image\" data-id=\"9e01d02\" data-element_type=\"widget\" data-widget_type=\"image.default\">\n\t\t\t\t<div class=\"elementor-widget-container\">\n\t\t\t\t\t\t\t\t\t\t\t\t\t<img decoding=\"async\" width=\"940\" height=\"575\" src=\"https:\/\/slovakaid.sk\/wp-content\/uploads\/2023\/10\/Lebanon_Tjank-you_SlovakAid.jpg\" class=\"attachment-large size-large wp-image-29959\" alt=\"\" srcset=\"https:\/\/slovakaid.sk\/wp-content\/uploads\/2023\/10\/Lebanon_Tjank-you_SlovakAid.jpg 940w, https:\/\/slovakaid.sk\/wp-content\/uploads\/2023\/10\/Lebanon_Tjank-you_SlovakAid-300x184.jpg 300w, https:\/\/slovakaid.sk\/wp-content\/uploads\/2023\/10\/Lebanon_Tjank-you_SlovakAid-768x470.jpg 768w, https:\/\/slovakaid.sk\/wp-content\/uploads\/2023\/10\/Lebanon_Tjank-you_SlovakAid-385x236.jpg 385w\" sizes=\"(max-width: 940px) 100vw, 940px\" \/>\t\t\t\t\t\t\t\t\t\t\t\t\t<\/div>\n\t\t\t\t<\/div>\n\t\t\t\t\t<\/div>\n\t\t<\/div>\n\t\t\t\t\t<\/div>\n\t\t<\/section>\n\t\t\t\t<section class=\"elementor-section elementor-top-section elementor-element elementor-element-a3f9141 elementor-section-boxed elementor-section-height-default elementor-section-height-default\" data-id=\"a3f9141\" data-element_type=\"section\">\n\t\t\t\t\t\t<div class=\"elementor-container elementor-column-gap-default\">\n\t\t\t\t\t<div class=\"elementor-column elementor-col-100 elementor-top-column elementor-element elementor-element-4622990\" data-id=\"4622990\" data-element_type=\"column\">\n\t\t\t<div class=\"elementor-widget-wrap elementor-element-populated\">\n\t\t\t\t\t\t<div class=\"elementor-element elementor-element-34ee54e elementor-widget elementor-widget-text\" data-id=\"34ee54e\" data-element_type=\"widget\" data-widget_type=\"text.default\">\n\t\t\t\t<div class=\"elementor-widget-container\">\n\t\t\t\n    <div class=\"custom-elementor-widget widget-text\">\n      <p><p><strong>Slovensk\u00e1 agent\u00fara pre medzin\u00e1rodn\u00fa rozvojov\u00fa spolupr\u00e1cu pod zna\u010dkou SlovakAid,<\/strong> prostredn\u00edctvom svojich partnerov podporuje, v r\u00e1mci z\u00e1v\u00e4zku Slovenskej republiky k medzin\u00e1rodnej solidarite, projekty na cielen\u00fa pomoc \u013eu\u010fom v najmenej rozvinut\u00fdch a najohrozenej\u0161\u00edch regi\u00f3noch sveta. Takto Slov\u00e1ci pom\u00e1haj\u00fa v zahrani\u010d\u00ed u\u017e od roku 2003, kedy sa Slovensko z prij\u00edmate\u013eskej krajiny stalo donorom a Ministerstvo zahrani\u010dn\u00fdch a eur\u00f3pskych z\u00e1le\u017eitost\u00ed Slovenskej republiky, postupne spolu s \u010fal\u0161\u00edmi rezortami, pod zna\u010dkou SlovakAid za\u010dalo poskytova\u0165 ofici\u00e1lnu rozvojov\u00fa pomoc.<\/p><p><strong>Slovak Development Summit 2023<\/strong> po\u010das troch dn\u00ed - stredy, 8. novembra, \u0161tvrtku, 9. novembra a piatku, 10. novembra, pribl\u00ed\u017ei odbornej i laickej verejnosti \u010do v\u0161etko Slovensko na poli rozvojovej spolupr\u00e1ce a humanit\u00e1rnej pomoci za uplynul\u00e9 obdobie dosiahlo, ale aj to, ak\u00e9 mo\u017enosti a v\u00fdzvy m\u00e1me pred sebou:<\/p><ul><li><strong>8. novembra 2023<\/strong> <a href=\"https:\/\/ambrela.org\/\">Platforma rozvojov\u00fdch organiz\u00e1ci\u00ed Ambrela<\/a> organizuje v <span class=\"TextRun SCXW15523500 BCX0\" lang=\"SK-SK\" xml:lang=\"SK-SK\" data-contrast=\"auto\"><span class=\"NormalTextRun SCXW15523500 BCX0\">Moyzesovej sieni Filozofickej fakulty Univerzity Komensk\u00e9ho v Bratislave <\/span><\/span>\u00a0<strong><a href=\"https:\/\/developmentforum.ambrela.org\/\">Ambrela Development Forum<\/a>,<\/strong><\/li><li><strong>9. novembra 2023 <\/strong><a href=\"https:\/\/www.mzv.sk\/\">Ministerstvo zahrani\u010dn\u00fdch vec\u00ed a eur\u00f3pskych z\u00e1le\u017eitost\u00ed SR<\/a> usporiada v priestoroch svojej kongresovej s\u00e1ly <strong>odborn\u00fa konferenciu<\/strong> s cie\u013eom zhodnoti\u0165 20 rokov fungovania SlovakAid a na\u010drtn\u00fa\u0165 v\u00edziu pre jej fungovanie v dynamicky meniacom sa svete, a z\u00e1rove\u0148 prediskutova\u0165 bud\u00facnos\u0165 a v\u00fdzvy rozvojovej pomoci v dynamicky sa meniacom svete; n\u00e1sledne sa uskuto\u010dn\u00ed sl\u00e1vnostn\u00fd ve\u010der pri pr\u00edle\u017eitosti 20 rokov SlovakAid, spojen\u00fd s odovzd\u00e1van\u00edm ocenen\u00ed ministrom zahrani\u010dn\u00fdch vec\u00ed a eur\u00f3pskych z\u00e1le\u017eitost\u00ed Slovenskej republiky,<\/li><li><strong>10. november 2023<\/strong> organizuje <a href=\"https:\/\/slovakaid.sk\/\">SAMRS<\/a> v bratislavskom n\u00e1kupnom centre pre \u0161irok\u00fa verejnos\u0165 <strong>SlovakAid Development Festival,<\/strong> kde v centr\u00e1lnej interi\u00e9rovej z\u00f3ne bud\u00fa ma\u0165 n\u00e1v\u0161tevn\u00edci centra pr\u00edle\u017eitos\u0165 vidie\u0165 v\u00fdsledky projektov, podporen\u00fdch zo sch\u00e9my SlovakAid, stretn\u00fa\u0165 sa a diskutova\u0165 s partnermi SlovakAid - realiz\u00e1tormi projektov z radov slovensk\u00fdch mimovl\u00e1dnych organiz\u00e1ci\u00ed \u010di inovat\u00edvnych subjektov.<\/li><\/ul><\/p>\n    <\/div>\n\n    \t\t<\/div>\n\t\t\t\t<\/div>\n\t\t\t\t\t<\/div>\n\t\t<\/div>\n\t\t\t\t\t<\/div>\n\t\t<\/section>\n\t\t\t\t<section class=\"elementor-section elementor-top-section elementor-element elementor-element-8226fd6 elementor-section-boxed elementor-section-height-default elementor-section-height-default\" data-id=\"8226fd6\" data-element_type=\"section\">\n\t\t\t\t\t\t<div class=\"elementor-container elementor-column-gap-default\">\n\t\t\t\t\t<div class=\"elementor-column elementor-col-100 elementor-top-column elementor-element elementor-element-47d2f25\" data-id=\"47d2f25\" data-element_type=\"column\">\n\t\t\t<div class=\"elementor-widget-wrap elementor-element-populated\">\n\t\t\t\t\t\t<div class=\"elementor-element elementor-element-e79446d elementor-widget elementor-widget-text\" data-id=\"e79446d\" data-element_type=\"widget\" data-widget_type=\"text.default\">\n\t\t\t\t<div class=\"elementor-widget-container\">\n\t\t\t\n    <div class=\"custom-elementor-widget widget-text\">\n      <p><p>\u201eTo, \u010do n\u00e1m m\u00f4\u017ee pom\u00f4c\u0165 a \u010do ve\u013emi potrebujeme, je globaliz\u00e1cia s\u00facitu. Globaliz\u00e1cia spolupr\u00e1ce. S\u00fa predpokladom prekonania probl\u00e9mov, ktor\u00fdm spolo\u010dne \u010del\u00edme,\u201c povedala Zuzana \u010caputov\u00e1, prezidentka Slovenskej republiky. Tieto slov\u00e1 dod\u00e1vaj\u00fa n\u00e1dej. N\u00e1dej, \u017ee solidarita a empatia dok\u00e1\u017eu sp\u00e1ja\u0165 hranicami rozdelen\u00fd svet. Slovensko sa pod zna\u010dkou SlovakAid o to sna\u017e\u00ed u\u017e 20 rokov: na\u0161a pomoc nepozn\u00e1 hranice.<\/p><\/p>\n    <\/div>\n\n    \t\t<\/div>\n\t\t\t\t<\/div>\n\t\t\t\t\t<\/div>\n\t\t<\/div>\n\t\t\t\t\t<\/div>\n\t\t<\/section>\n\t\t\t\t<section class=\"elementor-section elementor-top-section elementor-element elementor-element-4d425a4 elementor-section-boxed elementor-section-height-default elementor-section-height-default\" data-id=\"4d425a4\" data-element_type=\"section\">\n\t\t\t\t\t\t<div class=\"elementor-container elementor-column-gap-default\">\n\t\t\t\t\t<div class=\"elementor-column elementor-col-50 elementor-top-column elementor-element elementor-element-971c826\" data-id=\"971c826\" data-element_type=\"column\">\n\t\t\t<div class=\"elementor-widget-wrap elementor-element-populated\">\n\t\t\t\t\t\t<div class=\"elementor-element elementor-element-f160a0a elementor-widget elementor-widget-image\" data-id=\"f160a0a\" data-element_type=\"widget\" data-widget_type=\"image.default\">\n\t\t\t\t<div class=\"elementor-widget-container\">\n\t\t\t\t\t\t\t\t\t\t<figure class=\"wp-caption\">\n\t\t\t\t\t\t\t\t\t\t<img decoding=\"async\" width=\"819\" height=\"1024\" src=\"https:\/\/slovakaid.sk\/wp-content\/uploads\/2023\/10\/Prezidentka-SR_Z.-Caputova-819x1024.jpeg\" class=\"attachment-large size-large wp-image-29965\" alt=\"\" srcset=\"https:\/\/slovakaid.sk\/wp-content\/uploads\/2023\/10\/Prezidentka-SR_Z.-Caputova-819x1024.jpeg 819w, https:\/\/slovakaid.sk\/wp-content\/uploads\/2023\/10\/Prezidentka-SR_Z.-Caputova-240x300.jpeg 240w, https:\/\/slovakaid.sk\/wp-content\/uploads\/2023\/10\/Prezidentka-SR_Z.-Caputova-768x960.jpeg 768w, https:\/\/slovakaid.sk\/wp-content\/uploads\/2023\/10\/Prezidentka-SR_Z.-Caputova-1229x1536.jpeg 1229w, https:\/\/slovakaid.sk\/wp-content\/uploads\/2023\/10\/Prezidentka-SR_Z.-Caputova-1638x2048.jpeg 1638w, https:\/\/slovakaid.sk\/wp-content\/uploads\/2023\/10\/Prezidentka-SR_Z.-Caputova-385x481.jpeg 385w, https:\/\/slovakaid.sk\/wp-content\/uploads\/2023\/10\/Prezidentka-SR_Z.-Caputova-scaled.jpeg 2048w\" sizes=\"(max-width: 819px) 100vw, 819px\" \/>\t\t\t\t\t\t\t\t\t\t\t<figcaption class=\"widget-image-caption wp-caption-text\">Nad podujat\u00edm SlovakDevelopment Summit 2023 prevzala z\u00e1\u0161titu prezidentka Slovenskej republiky, pani Zuzana \u010caputov\u00e1\u00a0<\/figcaption>\n\t\t\t\t\t\t\t\t\t\t<\/figure>\n\t\t\t\t\t\t\t<\/div>\n\t\t\t\t<\/div>\n\t\t\t\t\t<\/div>\n\t\t<\/div>\n\t\t\t\t<div class=\"elementor-column elementor-col-50 elementor-top-column elementor-element elementor-element-8a2b724\" data-id=\"8a2b724\" data-element_type=\"column\">\n\t\t\t<div class=\"elementor-widget-wrap elementor-element-populated\">\n\t\t\t\t\t\t<div class=\"elementor-element elementor-element-fd3556b elementor-widget elementor-widget-image\" data-id=\"fd3556b\" data-element_type=\"widget\" data-widget_type=\"image.default\">\n\t\t\t\t<div class=\"elementor-widget-container\">\n\t\t\t\t\t\t\t\t\t\t\t\t\t<img loading=\"lazy\" decoding=\"async\" width=\"745\" height=\"1024\" src=\"https:\/\/slovakaid.sk\/wp-content\/uploads\/2023\/10\/Zastita-prezidentka-SR-745x1024.png\" class=\"attachment-large size-large wp-image-29957\" alt=\"\" srcset=\"https:\/\/slovakaid.sk\/wp-content\/uploads\/2023\/10\/Zastita-prezidentka-SR-745x1024.png 745w, https:\/\/slovakaid.sk\/wp-content\/uploads\/2023\/10\/Zastita-prezidentka-SR-218x300.png 218w, https:\/\/slovakaid.sk\/wp-content\/uploads\/2023\/10\/Zastita-prezidentka-SR-768x1055.png 768w, https:\/\/slovakaid.sk\/wp-content\/uploads\/2023\/10\/Zastita-prezidentka-SR-1118x1536.png 1118w, https:\/\/slovakaid.sk\/wp-content\/uploads\/2023\/10\/Zastita-prezidentka-SR-385x529.png 385w, https:\/\/slovakaid.sk\/wp-content\/uploads\/2023\/10\/Zastita-prezidentka-SR-599x822.png 599w, https:\/\/slovakaid.sk\/wp-content\/uploads\/2023\/10\/Zastita-prezidentka-SR.png 1275w\" sizes=\"(max-width: 745px) 100vw, 745px\" \/>\t\t\t\t\t\t\t\t\t\t\t\t\t<\/div>\n\t\t\t\t<\/div>\n\t\t\t\t\t<\/div>\n\t\t<\/div>\n\t\t\t\t\t<\/div>\n\t\t<\/section>\n\t\t\t\t<\/div>\n\t\t","protected":false},"excerpt":{"rendered":"<p>V roku 2023 si na\u0161a krajina pripom\u00edna v\u00fdznamn\u00e9 v\u00fdro\u010die \u2013 20 rokov poskytovania ofici\u00e1lnej rozvojovej pomoci Slovenskou republikou. Od z\u00edskania samostatnosti v roku 1993 pre\u0161lo Slovensko v\u00fdrazn\u00fdmi zmenami, vr\u00e1tane n\u00e1ro\u010dn\u00e9ho procesu ekonomickej aj spolo\u010denskej transform\u00e1cie a budovania demokratick\u00fdch \u0161t\u00e1tnych in\u0161tit\u00faci\u00ed. Slovensko sa transformovalo z prij\u00edmate\u013ea rozvojovej pomoci na jej poskytovate\u013ea a stalo sa pevnou s\u00fa\u010das\u0165ou [&hellip;]<\/p>\n","protected":false},"author":4,"featured_media":29947,"comment_status":"closed","ping_status":"closed","sticky":false,"template":"","format":"standard","meta":{"footnotes":""},"categories":[79],"tags":[],"class_list":["post-29973","post","type-post","status-publish","format-standard","has-post-thumbnail","hentry","category-samrs-agency"],"yoast_head":"<!-- This site is optimized with the Yoast SEO plugin v27.1.1 - https:\/\/yoast.com\/product\/yoast-seo-wordpress\/ -->\n<title>SlovakAid Development Summit 2023 - SlovakAid<\/title>\n<meta name=\"robots\" content=\"index, follow, max-snippet:-1, max-image-preview:large, max-video-preview:-1\" \/>\n<link rel=\"canonical\" href=\"https:\/\/slovakaid.sk\/en\/slovakaid-development-summit-2023\/\" \/>\n<meta property=\"og:locale\" content=\"en_US\" \/>\n<meta property=\"og:type\" content=\"article\" \/>\n<meta property=\"og:title\" content=\"SlovakAid Development Summit 2023 - SlovakAid\" \/>\n<meta property=\"og:description\" content=\"V roku 2023 si na\u0161a krajina pripom\u00edna v\u00fdznamn\u00e9 v\u00fdro\u010die \u2013 20 rokov poskytovania ofici\u00e1lnej rozvojovej pomoci Slovenskou republikou. Od z\u00edskania samostatnosti v roku 1993 pre\u0161lo Slovensko v\u00fdrazn\u00fdmi zmenami, vr\u00e1tane n\u00e1ro\u010dn\u00e9ho procesu ekonomickej aj spolo\u010denskej transform\u00e1cie a budovania demokratick\u00fdch \u0161t\u00e1tnych in\u0161tit\u00faci\u00ed. Slovensko sa transformovalo z prij\u00edmate\u013ea rozvojovej pomoci na jej poskytovate\u013ea a stalo sa pevnou s\u00fa\u010das\u0165ou [&hellip;]\" \/>\n<meta property=\"og:url\" content=\"https:\/\/slovakaid.sk\/en\/slovakaid-development-summit-2023\/\" \/>\n<meta property=\"og:site_name\" content=\"SlovakAid\" \/>\n<meta property=\"article:published_time\" content=\"2023-10-10T12:48:02+00:00\" \/>\n<meta property=\"article:modified_time\" content=\"2023-10-13T18:21:23+00:00\" \/>\n<meta property=\"og:image\" content=\"https:\/\/slovakaid.sk\/wp-content\/uploads\/2023\/10\/logo-SlovakAid-Dev-Summit-2.jpg\" \/>\n\t<meta property=\"og:image:width\" content=\"588\" \/>\n\t<meta property=\"og:image:height\" content=\"312\" \/>\n\t<meta property=\"og:image:type\" content=\"image\/jpeg\" \/>\n<meta name=\"author\" content=\"marta.jasurekova@slovakaid.sk\" \/>\n<meta name=\"twitter:card\" content=\"summary_large_image\" \/>\n<meta name=\"twitter:label1\" content=\"Written by\" \/>\n\t<meta name=\"twitter:data1\" content=\"marta.jasurekova@slovakaid.sk\" \/>\n\t<meta name=\"twitter:label2\" content=\"Est. reading time\" \/>\n\t<meta name=\"twitter:data2\" content=\"3 minutes\" \/>\n<script type=\"application\/ld+json\" class=\"yoast-schema-graph\">{\"@context\":\"https:\/\/schema.org\",\"@graph\":[{\"@type\":\"Article\",\"@id\":\"https:\/\/slovakaid.sk\/en\/slovakaid-development-summit-2023\/#article\",\"isPartOf\":{\"@id\":\"https:\/\/slovakaid.sk\/en\/slovakaid-development-summit-2023\/\"},\"author\":{\"name\":\"marta.jasurekova@slovakaid.sk\",\"@id\":\"https:\/\/slovakaid.sk\/en\/#\/schema\/person\/74a14fd64fb3ec0b70c0d6108ab97e34\"},\"headline\":\"SlovakAid Development Summit 2023\",\"datePublished\":\"2023-10-10T12:48:02+00:00\",\"dateModified\":\"2023-10-13T18:21:23+00:00\",\"mainEntityOfPage\":{\"@id\":\"https:\/\/slovakaid.sk\/en\/slovakaid-development-summit-2023\/\"},\"wordCount\":531,\"image\":{\"@id\":\"https:\/\/slovakaid.sk\/en\/slovakaid-development-summit-2023\/#primaryimage\"},\"thumbnailUrl\":\"https:\/\/slovakaid.sk\/wp-content\/uploads\/2023\/10\/logo-SlovakAid-Dev-Summit-2.jpg\",\"articleSection\":[\"SAMRS Agency\"],\"inLanguage\":\"en-US\"},{\"@type\":\"WebPage\",\"@id\":\"https:\/\/slovakaid.sk\/en\/slovakaid-development-summit-2023\/\",\"url\":\"https:\/\/slovakaid.sk\/en\/slovakaid-development-summit-2023\/\",\"name\":\"SlovakAid Development Summit 2023 - SlovakAid\",\"isPartOf\":{\"@id\":\"https:\/\/slovakaid.sk\/en\/#website\"},\"primaryImageOfPage\":{\"@id\":\"https:\/\/slovakaid.sk\/en\/slovakaid-development-summit-2023\/#primaryimage\"},\"image\":{\"@id\":\"https:\/\/slovakaid.sk\/en\/slovakaid-development-summit-2023\/#primaryimage\"},\"thumbnailUrl\":\"https:\/\/slovakaid.sk\/wp-content\/uploads\/2023\/10\/logo-SlovakAid-Dev-Summit-2.jpg\",\"datePublished\":\"2023-10-10T12:48:02+00:00\",\"dateModified\":\"2023-10-13T18:21:23+00:00\",\"author\":{\"@id\":\"https:\/\/slovakaid.sk\/en\/#\/schema\/person\/74a14fd64fb3ec0b70c0d6108ab97e34\"},\"breadcrumb\":{\"@id\":\"https:\/\/slovakaid.sk\/en\/slovakaid-development-summit-2023\/#breadcrumb\"},\"inLanguage\":\"en-US\",\"potentialAction\":[{\"@type\":\"ReadAction\",\"target\":[\"https:\/\/slovakaid.sk\/en\/slovakaid-development-summit-2023\/\"]}]},{\"@type\":\"ImageObject\",\"inLanguage\":\"en-US\",\"@id\":\"https:\/\/slovakaid.sk\/en\/slovakaid-development-summit-2023\/#primaryimage\",\"url\":\"https:\/\/slovakaid.sk\/wp-content\/uploads\/2023\/10\/logo-SlovakAid-Dev-Summit-2.jpg\",\"contentUrl\":\"https:\/\/slovakaid.sk\/wp-content\/uploads\/2023\/10\/logo-SlovakAid-Dev-Summit-2.jpg\",\"width\":588,\"height\":312},{\"@type\":\"BreadcrumbList\",\"@id\":\"https:\/\/slovakaid.sk\/en\/slovakaid-development-summit-2023\/#breadcrumb\",\"itemListElement\":[{\"@type\":\"ListItem\",\"position\":1,\"name\":\"Home\",\"item\":\"https:\/\/slovakaid.sk\/en\/\"},{\"@type\":\"ListItem\",\"position\":2,\"name\":\"SlovakAid Development Summit 2023\"}]},{\"@type\":\"WebSite\",\"@id\":\"https:\/\/slovakaid.sk\/en\/#website\",\"url\":\"https:\/\/slovakaid.sk\/en\/\",\"name\":\"SlovakAid\",\"description\":\"\",\"potentialAction\":[{\"@type\":\"SearchAction\",\"target\":{\"@type\":\"EntryPoint\",\"urlTemplate\":\"https:\/\/slovakaid.sk\/en\/?s={search_term_string}\"},\"query-input\":{\"@type\":\"PropertyValueSpecification\",\"valueRequired\":true,\"valueName\":\"search_term_string\"}}],\"inLanguage\":\"en-US\"},{\"@type\":\"Person\",\"@id\":\"https:\/\/slovakaid.sk\/en\/#\/schema\/person\/74a14fd64fb3ec0b70c0d6108ab97e34\",\"name\":\"marta.jasurekova@slovakaid.sk\",\"image\":{\"@type\":\"ImageObject\",\"inLanguage\":\"en-US\",\"@id\":\"https:\/\/slovakaid.sk\/en\/#\/schema\/person\/image\/\",\"url\":\"https:\/\/secure.gravatar.com\/avatar\/ad4af421505d83e9535e6047f413cca315b19663943bae5506fab8976fa524f8?s=96&d=mm&r=g\",\"contentUrl\":\"https:\/\/secure.gravatar.com\/avatar\/ad4af421505d83e9535e6047f413cca315b19663943bae5506fab8976fa524f8?s=96&d=mm&r=g\",\"caption\":\"marta.jasurekova@slovakaid.sk\"},\"sameAs\":[\"https:\/\/slovakaid.sk\/\"],\"url\":\"https:\/\/slovakaid.sk\/en\/author\/marta-jasurekovaslovakaid-sk\/\"}]}<\/script>\n<!-- \/ Yoast SEO plugin. -->","yoast_head_json":{"title":"SlovakAid Development Summit 2023 - SlovakAid","robots":{"index":"index","follow":"follow","max-snippet":"max-snippet:-1","max-image-preview":"max-image-preview:large","max-video-preview":"max-video-preview:-1"},"canonical":"https:\/\/slovakaid.sk\/en\/slovakaid-development-summit-2023\/","og_locale":"en_US","og_type":"article","og_title":"SlovakAid Development Summit 2023 - SlovakAid","og_description":"V roku 2023 si na\u0161a krajina pripom\u00edna v\u00fdznamn\u00e9 v\u00fdro\u010die \u2013 20 rokov poskytovania ofici\u00e1lnej rozvojovej pomoci Slovenskou republikou. Od z\u00edskania samostatnosti v roku 1993 pre\u0161lo Slovensko v\u00fdrazn\u00fdmi zmenami, vr\u00e1tane n\u00e1ro\u010dn\u00e9ho procesu ekonomickej aj spolo\u010denskej transform\u00e1cie a budovania demokratick\u00fdch \u0161t\u00e1tnych in\u0161tit\u00faci\u00ed. Slovensko sa transformovalo z prij\u00edmate\u013ea rozvojovej pomoci na jej poskytovate\u013ea a stalo sa pevnou s\u00fa\u010das\u0165ou [&hellip;]","og_url":"https:\/\/slovakaid.sk\/en\/slovakaid-development-summit-2023\/","og_site_name":"SlovakAid","article_published_time":"2023-10-10T12:48:02+00:00","article_modified_time":"2023-10-13T18:21:23+00:00","og_image":[{"width":588,"height":312,"url":"https:\/\/slovakaid.sk\/wp-content\/uploads\/2023\/10\/logo-SlovakAid-Dev-Summit-2.jpg","type":"image\/jpeg"}],"author":"marta.jasurekova@slovakaid.sk","twitter_card":"summary_large_image","twitter_misc":{"Written by":"marta.jasurekova@slovakaid.sk","Est. reading time":"3 minutes"},"schema":{"@context":"https:\/\/schema.org","@graph":[{"@type":"Article","@id":"https:\/\/slovakaid.sk\/en\/slovakaid-development-summit-2023\/#article","isPartOf":{"@id":"https:\/\/slovakaid.sk\/en\/slovakaid-development-summit-2023\/"},"author":{"name":"marta.jasurekova@slovakaid.sk","@id":"https:\/\/slovakaid.sk\/en\/#\/schema\/person\/74a14fd64fb3ec0b70c0d6108ab97e34"},"headline":"SlovakAid Development Summit 2023","datePublished":"2023-10-10T12:48:02+00:00","dateModified":"2023-10-13T18:21:23+00:00","mainEntityOfPage":{"@id":"https:\/\/slovakaid.sk\/en\/slovakaid-development-summit-2023\/"},"wordCount":531,"image":{"@id":"https:\/\/slovakaid.sk\/en\/slovakaid-development-summit-2023\/#primaryimage"},"thumbnailUrl":"https:\/\/slovakaid.sk\/wp-content\/uploads\/2023\/10\/logo-SlovakAid-Dev-Summit-2.jpg","articleSection":["SAMRS Agency"],"inLanguage":"en-US"},{"@type":"WebPage","@id":"https:\/\/slovakaid.sk\/en\/slovakaid-development-summit-2023\/","url":"https:\/\/slovakaid.sk\/en\/slovakaid-development-summit-2023\/","name":"SlovakAid Development Summit 2023 - SlovakAid","isPartOf":{"@id":"https:\/\/slovakaid.sk\/en\/#website"},"primaryImageOfPage":{"@id":"https:\/\/slovakaid.sk\/en\/slovakaid-development-summit-2023\/#primaryimage"},"image":{"@id":"https:\/\/slovakaid.sk\/en\/slovakaid-development-summit-2023\/#primaryimage"},"thumbnailUrl":"https:\/\/slovakaid.sk\/wp-content\/uploads\/2023\/10\/logo-SlovakAid-Dev-Summit-2.jpg","datePublished":"2023-10-10T12:48:02+00:00","dateModified":"2023-10-13T18:21:23+00:00","author":{"@id":"https:\/\/slovakaid.sk\/en\/#\/schema\/person\/74a14fd64fb3ec0b70c0d6108ab97e34"},"breadcrumb":{"@id":"https:\/\/slovakaid.sk\/en\/slovakaid-development-summit-2023\/#breadcrumb"},"inLanguage":"en-US","potentialAction":[{"@type":"ReadAction","target":["https:\/\/slovakaid.sk\/en\/slovakaid-development-summit-2023\/"]}]},{"@type":"ImageObject","inLanguage":"en-US","@id":"https:\/\/slovakaid.sk\/en\/slovakaid-development-summit-2023\/#primaryimage","url":"https:\/\/slovakaid.sk\/wp-content\/uploads\/2023\/10\/logo-SlovakAid-Dev-Summit-2.jpg","contentUrl":"https:\/\/slovakaid.sk\/wp-content\/uploads\/2023\/10\/logo-SlovakAid-Dev-Summit-2.jpg","width":588,"height":312},{"@type":"BreadcrumbList","@id":"https:\/\/slovakaid.sk\/en\/slovakaid-development-summit-2023\/#breadcrumb","itemListElement":[{"@type":"ListItem","position":1,"name":"Home","item":"https:\/\/slovakaid.sk\/en\/"},{"@type":"ListItem","position":2,"name":"SlovakAid Development Summit 2023"}]},{"@type":"WebSite","@id":"https:\/\/slovakaid.sk\/en\/#website","url":"https:\/\/slovakaid.sk\/en\/","name":"SlovakAid","description":"","potentialAction":[{"@type":"SearchAction","target":{"@type":"EntryPoint","urlTemplate":"https:\/\/slovakaid.sk\/en\/?s={search_term_string}"},"query-input":{"@type":"PropertyValueSpecification","valueRequired":true,"valueName":"search_term_string"}}],"inLanguage":"en-US"},{"@type":"Person","@id":"https:\/\/slovakaid.sk\/en\/#\/schema\/person\/74a14fd64fb3ec0b70c0d6108ab97e34","name":"marta.jasurekova@slovakaid.sk","image":{"@type":"ImageObject","inLanguage":"en-US","@id":"https:\/\/slovakaid.sk\/en\/#\/schema\/person\/image\/","url":"https:\/\/secure.gravatar.com\/avatar\/ad4af421505d83e9535e6047f413cca315b19663943bae5506fab8976fa524f8?s=96&d=mm&r=g","contentUrl":"https:\/\/secure.gravatar.com\/avatar\/ad4af421505d83e9535e6047f413cca315b19663943bae5506fab8976fa524f8?s=96&d=mm&r=g","caption":"marta.jasurekova@slovakaid.sk"},"sameAs":["https:\/\/slovakaid.sk\/"],"url":"https:\/\/slovakaid.sk\/en\/author\/marta-jasurekovaslovakaid-sk\/"}]}},"meta_box":{"attachments_group":[],"links_group":[],"actual_projects_map":"0","last_actual_projects":"0","last_actual_projects_headline":"","last_actual_projects_text":"","last_actual_projects_qantity":"3","last_actual_projects_sector_priority":[]},"_links":{"self":[{"href":"https:\/\/slovakaid.sk\/en\/wp-json\/wp\/v2\/posts\/29973","targetHints":{"allow":["GET"]}}],"collection":[{"href":"https:\/\/slovakaid.sk\/en\/wp-json\/wp\/v2\/posts"}],"about":[{"href":"https:\/\/slovakaid.sk\/en\/wp-json\/wp\/v2\/types\/post"}],"author":[{"embeddable":true,"href":"https:\/\/slovakaid.sk\/en\/wp-json\/wp\/v2\/users\/4"}],"replies":[{"embeddable":true,"href":"https:\/\/slovakaid.sk\/en\/wp-json\/wp\/v2\/comments?post=29973"}],"version-history":[{"count":16,"href":"https:\/\/slovakaid.sk\/en\/wp-json\/wp\/v2\/posts\/29973\/revisions"}],"predecessor-version":[{"id":29995,"href":"https:\/\/slovakaid.sk\/en\/wp-json\/wp\/v2\/posts\/29973\/revisions\/29995"}],"wp:featuredmedia":[{"embeddable":true,"href":"https:\/\/slovakaid.sk\/en\/wp-json\/wp\/v2\/media\/29947"}],"wp:attachment":[{"href":"https:\/\/slovakaid.sk\/en\/wp-json\/wp\/v2\/media?parent=29973"}],"wp:term":[{"taxonomy":"category","embeddable":true,"href":"https:\/\/slovakaid.sk\/en\/wp-json\/wp\/v2\/categories?post=29973"},{"taxonomy":"post_tag","embeddable":true,"href":"https:\/\/slovakaid.sk\/en\/wp-json\/wp\/v2\/tags?post=29973"}],"curies":[{"name":"wp","href":"https:\/\/api.w.org\/{rel}","templated":true}]}}