{"id":24828,"date":"2022-05-16T12:09:53","date_gmt":"2022-05-16T10:09:53","guid":{"rendered":"https:\/\/slovakaid.sk\/uskutocnilo-sa-vyrocne-zasadnutie-valneho-zhromazdenia-the-practitioners-network-gathers-vo-vilniuse\/"},"modified":"2022-05-16T13:22:55","modified_gmt":"2022-05-16T11:22:55","slug":"the-practitioners-network-gathers-on-11-and-12-may-in-vilnius-for-its-annual-meeting-of-the-general-assembly","status":"publish","type":"post","link":"https:\/\/slovakaid.sk\/en\/the-practitioners-network-gathers-on-11-and-12-may-in-vilnius-for-its-annual-meeting-of-the-general-assembly\/","title":{"rendered":"The Practitioners\u2019 Network gathers on 11 and 12 May in Vilnius for its Annual Meeting of the General Assembly"},"content":{"rendered":"\t\t<div data-elementor-type=\"wp-post\" data-elementor-id=\"24828\" class=\"elementor elementor-24828 elementor-24813\">\n\t\t\t\t\t\t<section class=\"elementor-section elementor-top-section elementor-element elementor-element-f679e0f elementor-section-boxed elementor-section-height-default elementor-section-height-default\" data-id=\"f679e0f\" data-element_type=\"section\">\n\t\t\t\t\t\t<div class=\"elementor-container elementor-column-gap-default\">\n\t\t\t\t\t<div class=\"elementor-column elementor-col-100 elementor-top-column elementor-element elementor-element-37c27e2\" data-id=\"37c27e2\" data-element_type=\"column\">\n\t\t\t<div class=\"elementor-widget-wrap elementor-element-populated\">\n\t\t\t\t\t\t<div class=\"elementor-element elementor-element-68c9dd5 elementor-widget elementor-widget-image\" data-id=\"68c9dd5\" data-element_type=\"widget\" data-widget_type=\"image.default\">\n\t\t\t\t<div class=\"elementor-widget-container\">\n\t\t\t\t\t\t\t\t\t\t\t\t\t<img fetchpriority=\"high\" decoding=\"async\" width=\"1024\" height=\"821\" src=\"https:\/\/slovakaid.sk\/wp-content\/uploads\/2022\/05\/Annual-Meeting-of-PN-General-Assembly_Vilnius_11-12.5.2022_grafika-1-1024x821.png\" class=\"attachment-large size-large wp-image-24818\" alt=\"\" srcset=\"https:\/\/slovakaid.sk\/wp-content\/uploads\/2022\/05\/Annual-Meeting-of-PN-General-Assembly_Vilnius_11-12.5.2022_grafika-1-1024x821.png 1024w, https:\/\/slovakaid.sk\/wp-content\/uploads\/2022\/05\/Annual-Meeting-of-PN-General-Assembly_Vilnius_11-12.5.2022_grafika-1-300x241.png 300w, https:\/\/slovakaid.sk\/wp-content\/uploads\/2022\/05\/Annual-Meeting-of-PN-General-Assembly_Vilnius_11-12.5.2022_grafika-1-768x616.png 768w, https:\/\/slovakaid.sk\/wp-content\/uploads\/2022\/05\/Annual-Meeting-of-PN-General-Assembly_Vilnius_11-12.5.2022_grafika-1-385x309.png 385w, https:\/\/slovakaid.sk\/wp-content\/uploads\/2022\/05\/Annual-Meeting-of-PN-General-Assembly_Vilnius_11-12.5.2022_grafika-1.png 1193w\" sizes=\"(max-width: 1024px) 100vw, 1024px\" \/>\t\t\t\t\t\t\t\t\t\t\t\t\t<\/div>\n\t\t\t\t<\/div>\n\t\t\t\t\t<\/div>\n\t\t<\/div>\n\t\t\t\t\t<\/div>\n\t\t<\/section>\n\t\t\t\t<section class=\"elementor-section elementor-top-section elementor-element elementor-element-7b10543 elementor-section-boxed elementor-section-height-default elementor-section-height-default\" data-id=\"7b10543\" data-element_type=\"section\">\n\t\t\t\t\t\t<div class=\"elementor-container elementor-column-gap-default\">\n\t\t\t\t\t<div class=\"elementor-column elementor-col-100 elementor-top-column elementor-element elementor-element-2117183\" data-id=\"2117183\" data-element_type=\"column\">\n\t\t\t<div class=\"elementor-widget-wrap elementor-element-populated\">\n\t\t\t\t\t\t<div class=\"elementor-element elementor-element-179b0a3 elementor-widget elementor-widget-text\" data-id=\"179b0a3\" data-element_type=\"widget\" data-widget_type=\"text.default\">\n\t\t\t\t<div class=\"elementor-widget-container\">\n\t\t\t\n    <div class=\"custom-elementor-widget widget-text\">\n      <p><p>European development cooperation organisations gathered at the Palace of the Grand Dukes of Lithuania in Vilnius on 11-12 May at the Annual Meeting of the General Assembly of the <a href=\"https:\/\/www.dev-practitioners.eu\/\">Practitioners\u2019 Network for European Development Cooperation (PN)<\/a>. SAIDC was represented at the meeting by its director, Tom\u00e1\u0161 Bokor.<\/p><p>This year\u2019s meeting marked the 15th anniversary of the network and the end of the PN co-Presidency by the Lithuanian Central Project Management Agency (CPMA) and the Deutsche Gesellschaft f\u00fcr Internationale Zusammenarbeit (GIZ).<\/p><\/p>\n    <\/div>\n\n    \t\t<\/div>\n\t\t\t\t<\/div>\n\t\t\t\t<div class=\"elementor-element elementor-element-2a3806e elementor-widget elementor-widget-heading_and_text\" data-id=\"2a3806e\" data-element_type=\"widget\" data-widget_type=\"heading_and_text.default\">\n\t\t\t\t<div class=\"elementor-widget-container\">\n\t\t\t\n    <div class=\"custom-elementor-widget widget-heading-and-text\">\n      <h3>Celebrating 15 years of the network Founded<\/h3>\n      <p><p>Founded in 2007, the PN has served as a platform for exchange, coordination and harmonisation between European development cooperation organisations and the European Commission. In celebration of the 15th anniversary of the PN, Jutta Urpilainen, Commissioner for International Partnerships, conveyed her well wishes to the network at its annual meeting in a <a href=\"https:\/\/www.youtube.com\/watch?v=vaXfjw5tRNk\">video message<\/a>: \u201cYou [the PN] embody the Team Europe spirit and you have lived up to your motto \u2018Stronger Together\u2019. Together, we have responded to the needs of people around the world and worked towards achieving the Sustainable Development Goals.\u201c<\/p><\/p>\n    <\/div>\n\n    \t\t<\/div>\n\t\t\t\t<\/div>\n\t\t\t\t\t<\/div>\n\t\t<\/div>\n\t\t\t\t\t<\/div>\n\t\t<\/section>\n\t\t\t\t<section class=\"elementor-section elementor-top-section elementor-element elementor-element-9f27ad7 elementor-section-boxed elementor-section-height-default elementor-section-height-default\" data-id=\"9f27ad7\" data-element_type=\"section\">\n\t\t\t\t\t\t<div class=\"elementor-container elementor-column-gap-default\">\n\t\t\t\t\t<div class=\"elementor-column elementor-col-100 elementor-top-column elementor-element elementor-element-fa51cd1\" data-id=\"fa51cd1\" data-element_type=\"column\">\n\t\t\t<div class=\"elementor-widget-wrap elementor-element-populated\">\n\t\t\t\t\t\t<div class=\"elementor-element elementor-element-a450e38 elementor-widget elementor-widget-image\" data-id=\"a450e38\" data-element_type=\"widget\" data-widget_type=\"image.default\">\n\t\t\t\t<div class=\"elementor-widget-container\">\n\t\t\t\t\t\t\t\t\t\t\t\t\t<img decoding=\"async\" width=\"1000\" height=\"707\" src=\"https:\/\/slovakaid.sk\/wp-content\/uploads\/2022\/05\/GraphicRecording_web.jpg\" class=\"attachment-large size-large wp-image-24821\" alt=\"\" srcset=\"https:\/\/slovakaid.sk\/wp-content\/uploads\/2022\/05\/GraphicRecording_web.jpg 1000w, https:\/\/slovakaid.sk\/wp-content\/uploads\/2022\/05\/GraphicRecording_web-300x212.jpg 300w, https:\/\/slovakaid.sk\/wp-content\/uploads\/2022\/05\/GraphicRecording_web-768x543.jpg 768w, https:\/\/slovakaid.sk\/wp-content\/uploads\/2022\/05\/GraphicRecording_web-385x272.jpg 385w\" sizes=\"(max-width: 1000px) 100vw, 1000px\" \/>\t\t\t\t\t\t\t\t\t\t\t\t\t<\/div>\n\t\t\t\t<\/div>\n\t\t\t\t\t<\/div>\n\t\t<\/div>\n\t\t\t\t\t<\/div>\n\t\t<\/section>\n\t\t\t\t<section class=\"elementor-section elementor-top-section elementor-element elementor-element-d007288 elementor-section-boxed elementor-section-height-default elementor-section-height-default\" data-id=\"d007288\" data-element_type=\"section\">\n\t\t\t\t\t\t<div class=\"elementor-container elementor-column-gap-default\">\n\t\t\t\t\t<div class=\"elementor-column elementor-col-100 elementor-top-column elementor-element elementor-element-ea8ac19\" data-id=\"ea8ac19\" data-element_type=\"column\">\n\t\t\t<div class=\"elementor-widget-wrap elementor-element-populated\">\n\t\t\t\t\t\t<div class=\"elementor-element elementor-element-1ff3f4f elementor-widget elementor-widget-heading_and_text\" data-id=\"1ff3f4f\" data-element_type=\"widget\" data-widget_type=\"heading_and_text.default\">\n\t\t\t\t<div class=\"elementor-widget-container\">\n\t\t\t\n    <div class=\"custom-elementor-widget widget-heading-and-text\">\n      <h3>Highlights of the CPMA-GIZ co-Presidency 2021-2022<\/h3>\n      <p><p>In keeping with its year-long priorities, the co-Presidency emphasised \u201cinclusiveness\u201d as a guiding principle and approach within the network by fostering exchanges in its Working Groups, as well as ensuring agile participation\u00a0 opportunities for all PN Members in the network\u2019s activities. This also applied to (online) meetings of the PN CEOs that focused on the importance of <a href=\"file:\/\/\/C:\/Users\/marta.jasurekova\/Downloads\/PN_PSE_Declaration_16_Dec__PYJU1vs.pdf\">Public Sector Expertise (PSE<\/a>) as a form of technical cooperation and the future ambitions of the network. The latter resulted in an overarching strategic framework that was officially endorsed in Vilnius and will guide the network for the next eight years.<\/p><p>Throughout the various exchanges, the co-Presidency focused the network\u2019s\u00a0 exchanges in the areas of digitalisation, mobilising PSE from EU Member States\u2019 administrations to promote reform, and exchange with partner countries, as well as the external dimension of the European Green Deal. Further, GIZ and CPMA brought key players together in dialogue forums, such as the European Development Days or the Finance in Common Summit, contributing to aligning financial and technical assistance providers and supporting the effectiveness of international<br \/>cooperation.<\/p><\/p>\n    <\/div>\n\n    \t\t<\/div>\n\t\t\t\t<\/div>\n\t\t\t\t\t<\/div>\n\t\t<\/div>\n\t\t\t\t\t<\/div>\n\t\t<\/section>\n\t\t\t\t<section class=\"elementor-section elementor-top-section elementor-element elementor-element-05c6a9f elementor-section-boxed elementor-section-height-default elementor-section-height-default\" data-id=\"05c6a9f\" data-element_type=\"section\">\n\t\t\t\t\t\t<div class=\"elementor-container elementor-column-gap-default\">\n\t\t\t\t\t<div class=\"elementor-column elementor-col-100 elementor-top-column elementor-element elementor-element-f3f50fc\" data-id=\"f3f50fc\" data-element_type=\"column\">\n\t\t\t<div class=\"elementor-widget-wrap elementor-element-populated\">\n\t\t\t\t\t\t<div class=\"elementor-element elementor-element-01893e7 elementor-widget elementor-widget-image\" data-id=\"01893e7\" data-element_type=\"widget\" data-widget_type=\"image.default\">\n\t\t\t\t<div class=\"elementor-widget-container\">\n\t\t\t\t\t\t\t\t\t\t\t\t\t<img decoding=\"async\" width=\"1024\" height=\"536\" src=\"https:\/\/slovakaid.sk\/wp-content\/uploads\/2022\/05\/grafika-1024x536.jpg\" class=\"attachment-large size-large wp-image-24823\" alt=\"\" srcset=\"https:\/\/slovakaid.sk\/wp-content\/uploads\/2022\/05\/grafika-1024x536.jpg 1024w, https:\/\/slovakaid.sk\/wp-content\/uploads\/2022\/05\/grafika-300x157.jpg 300w, https:\/\/slovakaid.sk\/wp-content\/uploads\/2022\/05\/grafika-768x402.jpg 768w, https:\/\/slovakaid.sk\/wp-content\/uploads\/2022\/05\/grafika-385x201.jpg 385w, https:\/\/slovakaid.sk\/wp-content\/uploads\/2022\/05\/grafika.jpg 1200w\" sizes=\"(max-width: 1024px) 100vw, 1024px\" \/>\t\t\t\t\t\t\t\t\t\t\t\t\t<\/div>\n\t\t\t\t<\/div>\n\t\t\t\t<div class=\"elementor-element elementor-element-90c374c elementor-widget elementor-widget-heading_and_text\" data-id=\"90c374c\" data-element_type=\"widget\" data-widget_type=\"heading_and_text.default\">\n\t\t\t\t<div class=\"elementor-widget-container\">\n\t\t\t\n    <div class=\"custom-elementor-widget widget-heading-and-text\">\n      <h3>Passing on the baton<\/h3>\n      <p><p>At the AMGA, CPMA and GIZ passed on the PN Presidency to the next co-Presidents: the Spanish Fundaci\u00f3n Internacional y para Iberoam\u00e9rica de Administraci\u00f3n y Pol\u00edticas P\u00fablicas (FIIAPP) and SNV Netherlands Development Organisation.<\/p><\/p>\n    <\/div>\n\n    \t\t<\/div>\n\t\t\t\t<\/div>\n\t\t\t\t\t<\/div>\n\t\t<\/div>\n\t\t\t\t\t<\/div>\n\t\t<\/section>\n\t\t\t\t<section class=\"elementor-section elementor-top-section elementor-element elementor-element-7cad6be elementor-section-boxed elementor-section-height-default elementor-section-height-default\" data-id=\"7cad6be\" data-element_type=\"section\">\n\t\t\t\t\t\t<div class=\"elementor-container elementor-column-gap-default\">\n\t\t\t\t\t<div class=\"elementor-column elementor-col-50 elementor-top-column elementor-element elementor-element-9022550\" data-id=\"9022550\" data-element_type=\"column\">\n\t\t\t<div class=\"elementor-widget-wrap elementor-element-populated\">\n\t\t\t\t\t\t<div class=\"elementor-element elementor-element-20895d3 elementor-widget elementor-widget-heading_and_text\" data-id=\"20895d3\" data-element_type=\"widget\" data-widget_type=\"heading_and_text.default\">\n\t\t\t\t<div class=\"elementor-widget-container\">\n\t\t\t\n    <div class=\"custom-elementor-widget widget-heading-and-text\">\n      <h3>About the Practitioners\u2019 Network<\/h3>\n      <p><p>The PN is an open platform for exchange, coordination and harmonisation between 17 European development cooperation organisations with a public service mission (Members), 5 Associates (e.g. Ministry) and the European Commission (Observer). Via its Working Groups and Task Force, the network fosters horizontal and sectoral exchanges \u2013 well in line with priority topics for the European Commission and partner countries. For example, it covers areas such as financial and contractual issues, effective partnerships and implementation, collaboration with the private sector, mainstreaming gender equality, climate or cooperating under the Team Europe approach. Members take over the Presidency on a voluntary rotating basis and define respective priorities for their term to guide the work of the network.<\/p><\/p>\n    <\/div>\n\n    \t\t<\/div>\n\t\t\t\t<\/div>\n\t\t\t\t\t<\/div>\n\t\t<\/div>\n\t\t\t\t<div class=\"elementor-column elementor-col-50 elementor-top-column elementor-element elementor-element-126211f\" data-id=\"126211f\" data-element_type=\"column\">\n\t\t\t<div class=\"elementor-widget-wrap elementor-element-populated\">\n\t\t\t\t\t\t<div class=\"elementor-element elementor-element-bc31e7c elementor-widget elementor-widget-heading_and_text\" data-id=\"bc31e7c\" data-element_type=\"widget\" data-widget_type=\"heading_and_text.default\">\n\t\t\t\t<div class=\"elementor-widget-container\">\n\t\t\t\n    <div class=\"custom-elementor-widget widget-heading-and-text\">\n      <h3>The Annual Meeting of the General Assembly<\/h3>\n      <p><p>As the main body of the PN, the General Assembly marks the one time in the year when all 23 Members gather to discuss and take strategic decisions and formally endorse future \u201coffices\u201d. In a well-established tradition, the first day is dedicated to a strategic exchange among the CEOs and the European Commission, while the second day focuses on the more operational decisions of the network with the PN focal persons and co-leads of the Working Groups and Task Force discussing their achievements.<\/p><\/p>\n    <\/div>\n\n    \t\t<\/div>\n\t\t\t\t<\/div>\n\t\t\t\t\t<\/div>\n\t\t<\/div>\n\t\t\t\t\t<\/div>\n\t\t<\/section>\n\t\t\t\t<\/div>\n\t\t","protected":false},"excerpt":{"rendered":"<p>Practitioners\u2019 Network celebrated 15 years <\/p>\n","protected":false},"author":4,"featured_media":24815,"comment_status":"closed","ping_status":"closed","sticky":false,"template":"","format":"standard","meta":{"footnotes":""},"categories":[79],"tags":[],"class_list":["post-24828","post","type-post","status-publish","format-standard","has-post-thumbnail","hentry","category-samrs-agency"],"yoast_head":"<!-- This site is optimized with the Yoast SEO plugin v27.1.1 - https:\/\/yoast.com\/product\/yoast-seo-wordpress\/ -->\n<title>The Practitioners\u2019 Network gathers on 11 and 12 May in Vilnius for its Annual Meeting of the General Assembly - SlovakAid<\/title>\n<meta name=\"robots\" content=\"index, follow, max-snippet:-1, max-image-preview:large, max-video-preview:-1\" \/>\n<link rel=\"canonical\" href=\"https:\/\/slovakaid.sk\/en\/the-practitioners-network-gathers-on-11-and-12-may-in-vilnius-for-its-annual-meeting-of-the-general-assembly\/\" \/>\n<meta property=\"og:locale\" content=\"en_US\" \/>\n<meta property=\"og:type\" content=\"article\" \/>\n<meta property=\"og:title\" content=\"The Practitioners\u2019 Network gathers on 11 and 12 May in Vilnius for its Annual Meeting of the General Assembly - SlovakAid\" \/>\n<meta property=\"og:description\" content=\"Practitioners\u2019 Network celebrated 15 years\" \/>\n<meta property=\"og:url\" content=\"https:\/\/slovakaid.sk\/en\/the-practitioners-network-gathers-on-11-and-12-may-in-vilnius-for-its-annual-meeting-of-the-general-assembly\/\" \/>\n<meta property=\"og:site_name\" content=\"SlovakAid\" \/>\n<meta property=\"article:published_time\" content=\"2022-05-16T10:09:53+00:00\" \/>\n<meta property=\"article:modified_time\" content=\"2022-05-16T11:22:55+00:00\" \/>\n<meta property=\"og:image\" content=\"https:\/\/slovakaid.sk\/wp-content\/uploads\/2022\/05\/Annual-Meeting-of-PN-General-Assembly_Vilnius_11-12.5.2022_grafika.png\" \/>\n\t<meta property=\"og:image:width\" content=\"1193\" \/>\n\t<meta property=\"og:image:height\" content=\"957\" \/>\n\t<meta property=\"og:image:type\" content=\"image\/png\" \/>\n<meta name=\"author\" content=\"marta.jasurekova@slovakaid.sk\" \/>\n<meta name=\"twitter:card\" content=\"summary_large_image\" \/>\n<meta name=\"twitter:label1\" content=\"Written by\" \/>\n\t<meta name=\"twitter:data1\" content=\"marta.jasurekova@slovakaid.sk\" \/>\n\t<meta name=\"twitter:label2\" content=\"Est. reading time\" \/>\n\t<meta name=\"twitter:data2\" content=\"3 minutes\" \/>\n<script type=\"application\/ld+json\" class=\"yoast-schema-graph\">{\"@context\":\"https:\/\/schema.org\",\"@graph\":[{\"@type\":\"Article\",\"@id\":\"https:\/\/slovakaid.sk\/en\/the-practitioners-network-gathers-on-11-and-12-may-in-vilnius-for-its-annual-meeting-of-the-general-assembly\/#article\",\"isPartOf\":{\"@id\":\"https:\/\/slovakaid.sk\/en\/the-practitioners-network-gathers-on-11-and-12-may-in-vilnius-for-its-annual-meeting-of-the-general-assembly\/\"},\"author\":{\"name\":\"marta.jasurekova@slovakaid.sk\",\"@id\":\"https:\/\/slovakaid.sk\/en\/#\/schema\/person\/74a14fd64fb3ec0b70c0d6108ab97e34\"},\"headline\":\"The Practitioners\u2019 Network gathers on 11 and 12 May in Vilnius for its Annual Meeting of the General Assembly\",\"datePublished\":\"2022-05-16T10:09:53+00:00\",\"dateModified\":\"2022-05-16T11:22:55+00:00\",\"mainEntityOfPage\":{\"@id\":\"https:\/\/slovakaid.sk\/en\/the-practitioners-network-gathers-on-11-and-12-may-in-vilnius-for-its-annual-meeting-of-the-general-assembly\/\"},\"wordCount\":629,\"image\":{\"@id\":\"https:\/\/slovakaid.sk\/en\/the-practitioners-network-gathers-on-11-and-12-may-in-vilnius-for-its-annual-meeting-of-the-general-assembly\/#primaryimage\"},\"thumbnailUrl\":\"https:\/\/slovakaid.sk\/wp-content\/uploads\/2022\/05\/Annual-Meeting-of-PN-General-Assembly_Vilnius_11-12.5.2022_grafika.png\",\"articleSection\":[\"SAMRS Agency\"],\"inLanguage\":\"en-US\"},{\"@type\":\"WebPage\",\"@id\":\"https:\/\/slovakaid.sk\/en\/the-practitioners-network-gathers-on-11-and-12-may-in-vilnius-for-its-annual-meeting-of-the-general-assembly\/\",\"url\":\"https:\/\/slovakaid.sk\/en\/the-practitioners-network-gathers-on-11-and-12-may-in-vilnius-for-its-annual-meeting-of-the-general-assembly\/\",\"name\":\"The Practitioners\u2019 Network gathers on 11 and 12 May in Vilnius for its Annual Meeting of the General Assembly - SlovakAid\",\"isPartOf\":{\"@id\":\"https:\/\/slovakaid.sk\/en\/#website\"},\"primaryImageOfPage\":{\"@id\":\"https:\/\/slovakaid.sk\/en\/the-practitioners-network-gathers-on-11-and-12-may-in-vilnius-for-its-annual-meeting-of-the-general-assembly\/#primaryimage\"},\"image\":{\"@id\":\"https:\/\/slovakaid.sk\/en\/the-practitioners-network-gathers-on-11-and-12-may-in-vilnius-for-its-annual-meeting-of-the-general-assembly\/#primaryimage\"},\"thumbnailUrl\":\"https:\/\/slovakaid.sk\/wp-content\/uploads\/2022\/05\/Annual-Meeting-of-PN-General-Assembly_Vilnius_11-12.5.2022_grafika.png\",\"datePublished\":\"2022-05-16T10:09:53+00:00\",\"dateModified\":\"2022-05-16T11:22:55+00:00\",\"author\":{\"@id\":\"https:\/\/slovakaid.sk\/en\/#\/schema\/person\/74a14fd64fb3ec0b70c0d6108ab97e34\"},\"breadcrumb\":{\"@id\":\"https:\/\/slovakaid.sk\/en\/the-practitioners-network-gathers-on-11-and-12-may-in-vilnius-for-its-annual-meeting-of-the-general-assembly\/#breadcrumb\"},\"inLanguage\":\"en-US\",\"potentialAction\":[{\"@type\":\"ReadAction\",\"target\":[\"https:\/\/slovakaid.sk\/en\/the-practitioners-network-gathers-on-11-and-12-may-in-vilnius-for-its-annual-meeting-of-the-general-assembly\/\"]}]},{\"@type\":\"ImageObject\",\"inLanguage\":\"en-US\",\"@id\":\"https:\/\/slovakaid.sk\/en\/the-practitioners-network-gathers-on-11-and-12-may-in-vilnius-for-its-annual-meeting-of-the-general-assembly\/#primaryimage\",\"url\":\"https:\/\/slovakaid.sk\/wp-content\/uploads\/2022\/05\/Annual-Meeting-of-PN-General-Assembly_Vilnius_11-12.5.2022_grafika.png\",\"contentUrl\":\"https:\/\/slovakaid.sk\/wp-content\/uploads\/2022\/05\/Annual-Meeting-of-PN-General-Assembly_Vilnius_11-12.5.2022_grafika.png\",\"width\":1193,\"height\":957},{\"@type\":\"BreadcrumbList\",\"@id\":\"https:\/\/slovakaid.sk\/en\/the-practitioners-network-gathers-on-11-and-12-may-in-vilnius-for-its-annual-meeting-of-the-general-assembly\/#breadcrumb\",\"itemListElement\":[{\"@type\":\"ListItem\",\"position\":1,\"name\":\"Home\",\"item\":\"https:\/\/slovakaid.sk\/en\/\"},{\"@type\":\"ListItem\",\"position\":2,\"name\":\"The Practitioners\u2019 Network gathers on 11 and 12 May in Vilnius for its Annual Meeting of the General Assembly\"}]},{\"@type\":\"WebSite\",\"@id\":\"https:\/\/slovakaid.sk\/en\/#website\",\"url\":\"https:\/\/slovakaid.sk\/en\/\",\"name\":\"SlovakAid\",\"description\":\"\",\"potentialAction\":[{\"@type\":\"SearchAction\",\"target\":{\"@type\":\"EntryPoint\",\"urlTemplate\":\"https:\/\/slovakaid.sk\/en\/?s={search_term_string}\"},\"query-input\":{\"@type\":\"PropertyValueSpecification\",\"valueRequired\":true,\"valueName\":\"search_term_string\"}}],\"inLanguage\":\"en-US\"},{\"@type\":\"Person\",\"@id\":\"https:\/\/slovakaid.sk\/en\/#\/schema\/person\/74a14fd64fb3ec0b70c0d6108ab97e34\",\"name\":\"marta.jasurekova@slovakaid.sk\",\"image\":{\"@type\":\"ImageObject\",\"inLanguage\":\"en-US\",\"@id\":\"https:\/\/slovakaid.sk\/en\/#\/schema\/person\/image\/\",\"url\":\"https:\/\/secure.gravatar.com\/avatar\/ad4af421505d83e9535e6047f413cca315b19663943bae5506fab8976fa524f8?s=96&d=mm&r=g\",\"contentUrl\":\"https:\/\/secure.gravatar.com\/avatar\/ad4af421505d83e9535e6047f413cca315b19663943bae5506fab8976fa524f8?s=96&d=mm&r=g\",\"caption\":\"marta.jasurekova@slovakaid.sk\"},\"sameAs\":[\"https:\/\/slovakaid.sk\/\"],\"url\":\"https:\/\/slovakaid.sk\/en\/author\/marta-jasurekovaslovakaid-sk\/\"}]}<\/script>\n<!-- \/ Yoast SEO plugin. -->","yoast_head_json":{"title":"The Practitioners\u2019 Network gathers on 11 and 12 May in Vilnius for its Annual Meeting of the General Assembly - SlovakAid","robots":{"index":"index","follow":"follow","max-snippet":"max-snippet:-1","max-image-preview":"max-image-preview:large","max-video-preview":"max-video-preview:-1"},"canonical":"https:\/\/slovakaid.sk\/en\/the-practitioners-network-gathers-on-11-and-12-may-in-vilnius-for-its-annual-meeting-of-the-general-assembly\/","og_locale":"en_US","og_type":"article","og_title":"The Practitioners\u2019 Network gathers on 11 and 12 May in Vilnius for its Annual Meeting of the General Assembly - SlovakAid","og_description":"Practitioners\u2019 Network celebrated 15 years","og_url":"https:\/\/slovakaid.sk\/en\/the-practitioners-network-gathers-on-11-and-12-may-in-vilnius-for-its-annual-meeting-of-the-general-assembly\/","og_site_name":"SlovakAid","article_published_time":"2022-05-16T10:09:53+00:00","article_modified_time":"2022-05-16T11:22:55+00:00","og_image":[{"width":1193,"height":957,"url":"https:\/\/slovakaid.sk\/wp-content\/uploads\/2022\/05\/Annual-Meeting-of-PN-General-Assembly_Vilnius_11-12.5.2022_grafika.png","type":"image\/png"}],"author":"marta.jasurekova@slovakaid.sk","twitter_card":"summary_large_image","twitter_misc":{"Written by":"marta.jasurekova@slovakaid.sk","Est. reading time":"3 minutes"},"schema":{"@context":"https:\/\/schema.org","@graph":[{"@type":"Article","@id":"https:\/\/slovakaid.sk\/en\/the-practitioners-network-gathers-on-11-and-12-may-in-vilnius-for-its-annual-meeting-of-the-general-assembly\/#article","isPartOf":{"@id":"https:\/\/slovakaid.sk\/en\/the-practitioners-network-gathers-on-11-and-12-may-in-vilnius-for-its-annual-meeting-of-the-general-assembly\/"},"author":{"name":"marta.jasurekova@slovakaid.sk","@id":"https:\/\/slovakaid.sk\/en\/#\/schema\/person\/74a14fd64fb3ec0b70c0d6108ab97e34"},"headline":"The Practitioners\u2019 Network gathers on 11 and 12 May in Vilnius for its Annual Meeting of the General Assembly","datePublished":"2022-05-16T10:09:53+00:00","dateModified":"2022-05-16T11:22:55+00:00","mainEntityOfPage":{"@id":"https:\/\/slovakaid.sk\/en\/the-practitioners-network-gathers-on-11-and-12-may-in-vilnius-for-its-annual-meeting-of-the-general-assembly\/"},"wordCount":629,"image":{"@id":"https:\/\/slovakaid.sk\/en\/the-practitioners-network-gathers-on-11-and-12-may-in-vilnius-for-its-annual-meeting-of-the-general-assembly\/#primaryimage"},"thumbnailUrl":"https:\/\/slovakaid.sk\/wp-content\/uploads\/2022\/05\/Annual-Meeting-of-PN-General-Assembly_Vilnius_11-12.5.2022_grafika.png","articleSection":["SAMRS Agency"],"inLanguage":"en-US"},{"@type":"WebPage","@id":"https:\/\/slovakaid.sk\/en\/the-practitioners-network-gathers-on-11-and-12-may-in-vilnius-for-its-annual-meeting-of-the-general-assembly\/","url":"https:\/\/slovakaid.sk\/en\/the-practitioners-network-gathers-on-11-and-12-may-in-vilnius-for-its-annual-meeting-of-the-general-assembly\/","name":"The Practitioners\u2019 Network gathers on 11 and 12 May in Vilnius for its Annual Meeting of the General Assembly - SlovakAid","isPartOf":{"@id":"https:\/\/slovakaid.sk\/en\/#website"},"primaryImageOfPage":{"@id":"https:\/\/slovakaid.sk\/en\/the-practitioners-network-gathers-on-11-and-12-may-in-vilnius-for-its-annual-meeting-of-the-general-assembly\/#primaryimage"},"image":{"@id":"https:\/\/slovakaid.sk\/en\/the-practitioners-network-gathers-on-11-and-12-may-in-vilnius-for-its-annual-meeting-of-the-general-assembly\/#primaryimage"},"thumbnailUrl":"https:\/\/slovakaid.sk\/wp-content\/uploads\/2022\/05\/Annual-Meeting-of-PN-General-Assembly_Vilnius_11-12.5.2022_grafika.png","datePublished":"2022-05-16T10:09:53+00:00","dateModified":"2022-05-16T11:22:55+00:00","author":{"@id":"https:\/\/slovakaid.sk\/en\/#\/schema\/person\/74a14fd64fb3ec0b70c0d6108ab97e34"},"breadcrumb":{"@id":"https:\/\/slovakaid.sk\/en\/the-practitioners-network-gathers-on-11-and-12-may-in-vilnius-for-its-annual-meeting-of-the-general-assembly\/#breadcrumb"},"inLanguage":"en-US","potentialAction":[{"@type":"ReadAction","target":["https:\/\/slovakaid.sk\/en\/the-practitioners-network-gathers-on-11-and-12-may-in-vilnius-for-its-annual-meeting-of-the-general-assembly\/"]}]},{"@type":"ImageObject","inLanguage":"en-US","@id":"https:\/\/slovakaid.sk\/en\/the-practitioners-network-gathers-on-11-and-12-may-in-vilnius-for-its-annual-meeting-of-the-general-assembly\/#primaryimage","url":"https:\/\/slovakaid.sk\/wp-content\/uploads\/2022\/05\/Annual-Meeting-of-PN-General-Assembly_Vilnius_11-12.5.2022_grafika.png","contentUrl":"https:\/\/slovakaid.sk\/wp-content\/uploads\/2022\/05\/Annual-Meeting-of-PN-General-Assembly_Vilnius_11-12.5.2022_grafika.png","width":1193,"height":957},{"@type":"BreadcrumbList","@id":"https:\/\/slovakaid.sk\/en\/the-practitioners-network-gathers-on-11-and-12-may-in-vilnius-for-its-annual-meeting-of-the-general-assembly\/#breadcrumb","itemListElement":[{"@type":"ListItem","position":1,"name":"Home","item":"https:\/\/slovakaid.sk\/en\/"},{"@type":"ListItem","position":2,"name":"The Practitioners\u2019 Network gathers on 11 and 12 May in Vilnius for its Annual Meeting of the General Assembly"}]},{"@type":"WebSite","@id":"https:\/\/slovakaid.sk\/en\/#website","url":"https:\/\/slovakaid.sk\/en\/","name":"SlovakAid","description":"","potentialAction":[{"@type":"SearchAction","target":{"@type":"EntryPoint","urlTemplate":"https:\/\/slovakaid.sk\/en\/?s={search_term_string}"},"query-input":{"@type":"PropertyValueSpecification","valueRequired":true,"valueName":"search_term_string"}}],"inLanguage":"en-US"},{"@type":"Person","@id":"https:\/\/slovakaid.sk\/en\/#\/schema\/person\/74a14fd64fb3ec0b70c0d6108ab97e34","name":"marta.jasurekova@slovakaid.sk","image":{"@type":"ImageObject","inLanguage":"en-US","@id":"https:\/\/slovakaid.sk\/en\/#\/schema\/person\/image\/","url":"https:\/\/secure.gravatar.com\/avatar\/ad4af421505d83e9535e6047f413cca315b19663943bae5506fab8976fa524f8?s=96&d=mm&r=g","contentUrl":"https:\/\/secure.gravatar.com\/avatar\/ad4af421505d83e9535e6047f413cca315b19663943bae5506fab8976fa524f8?s=96&d=mm&r=g","caption":"marta.jasurekova@slovakaid.sk"},"sameAs":["https:\/\/slovakaid.sk\/"],"url":"https:\/\/slovakaid.sk\/en\/author\/marta-jasurekovaslovakaid-sk\/"}]}},"meta_box":{"attachments_group":[],"links_group":[{"link_name":"Practitioners\u2019 Network for European Development Cooperation","link_url":"https:\/\/www.dev-practitioners.eu\/"}],"actual_projects_map":"0","last_actual_projects":"0","last_actual_projects_headline":"","last_actual_projects_text":"","last_actual_projects_qantity":"3","last_actual_projects_sector_priority":[]},"_links":{"self":[{"href":"https:\/\/slovakaid.sk\/en\/wp-json\/wp\/v2\/posts\/24828","targetHints":{"allow":["GET"]}}],"collection":[{"href":"https:\/\/slovakaid.sk\/en\/wp-json\/wp\/v2\/posts"}],"about":[{"href":"https:\/\/slovakaid.sk\/en\/wp-json\/wp\/v2\/types\/post"}],"author":[{"embeddable":true,"href":"https:\/\/slovakaid.sk\/en\/wp-json\/wp\/v2\/users\/4"}],"replies":[{"embeddable":true,"href":"https:\/\/slovakaid.sk\/en\/wp-json\/wp\/v2\/comments?post=24828"}],"version-history":[{"count":5,"href":"https:\/\/slovakaid.sk\/en\/wp-json\/wp\/v2\/posts\/24828\/revisions"}],"predecessor-version":[{"id":24835,"href":"https:\/\/slovakaid.sk\/en\/wp-json\/wp\/v2\/posts\/24828\/revisions\/24835"}],"wp:featuredmedia":[{"embeddable":true,"href":"https:\/\/slovakaid.sk\/en\/wp-json\/wp\/v2\/media\/24815"}],"wp:attachment":[{"href":"https:\/\/slovakaid.sk\/en\/wp-json\/wp\/v2\/media?parent=24828"}],"wp:term":[{"taxonomy":"category","embeddable":true,"href":"https:\/\/slovakaid.sk\/en\/wp-json\/wp\/v2\/categories?post=24828"},{"taxonomy":"post_tag","embeddable":true,"href":"https:\/\/slovakaid.sk\/en\/wp-json\/wp\/v2\/tags?post=24828"}],"curies":[{"name":"wp","href":"https:\/\/api.w.org\/{rel}","templated":true}]}}